{"id":5035,"date":"2025-03-31T23:08:54","date_gmt":"2025-03-31T23:08:54","guid":{"rendered":"https:\/\/organizacionentheos.com\/?p=5035"},"modified":"2025-03-31T23:08:55","modified_gmt":"2025-03-31T23:08:55","slug":"programa-de-terapia-asistida-con-plantas-ancestrales-y-psicoterapia","status":"publish","type":"post","link":"https:\/\/organizacionentheos.com\/en\/programa-de-terapia-asistida-con-plantas-ancestrales-y-psicoterapia\/","title":{"rendered":"PROGRAMA DE TERAPIA ASISTIDA CON PLANTAS ANCESTRALES Y PSICOTERAPIA (RETIRO DE 3 LUNAS)"},"content":{"rendered":"\n<figure class=\"wp-block-image size-full is-resized\"><img loading=\"lazy\" decoding=\"async\" width=\"641\" height=\"635\" src=\"https:\/\/organizacionentheos.com\/wp-content\/uploads\/2025\/03\/IMAGEN-ADICCIONES.jpg\" alt=\"\" class=\"wp-image-5036\" style=\"aspect-ratio:1.0094488188976378;width:1024px;height:auto\" srcset=\"https:\/\/organizacionentheos.com\/wp-content\/uploads\/2025\/03\/IMAGEN-ADICCIONES.jpg 641w, https:\/\/organizacionentheos.com\/wp-content\/uploads\/2025\/03\/IMAGEN-ADICCIONES-300x297.jpg 300w, https:\/\/organizacionentheos.com\/wp-content\/uploads\/2025\/03\/IMAGEN-ADICCIONES-150x150.jpg 150w\" sizes=\"auto, (max-width: 641px) 100vw, 641px\" \/><\/figure>\n\n\n\n<p>PROGRAMA DE TERAPIA ASISTIDA CON PLANTAS ANCESTRALES Y PSICOTERAPIA<br>(RETIRO DE 3 LUNAS)<\/p>\n\n\n\n<p>Nuestro Programa de Terapia con Ayahuasca se desarrolla en un Retiro de 3 d\u00edas y 2 noches, en un entorno seguro y guiado por facilitadores experimentados. A trav\u00e9s del consumo controlado de la planta, los participantes pueden experimentar profundos procesos introspectivos y espirituales en busca de autoconocimiento y sanaci\u00f3n.<\/p>\n\n\n\n<p>Los terapeutas brindan acompa\u00f1amiento emocional y psicol\u00f3gico para ayudar a cada persona a procesar sus pensamientos y emociones. Dado el impacto de estas experiencias, el programa se lleva a cabo bajo supervisi\u00f3n profesional.<\/p>\n\n\n\n<p>\u00bfA QUI\u00c9N EST\u00c1 DIRIGIDO?<br>Este programa es ideal para personas que:<br>&#8211; Lidian con adicciones a sustancias, medicamentos, alimentos o relaciones.<br>&#8211; Presentan bloqueos emocionales, ansiedad, depresi\u00f3n o falta de motivaci\u00f3n.<br>&#8211; Se sienten estancadas o limitadas en su vida.<br>&#8211; Experimentan inseguridad, miedos profundos o traumas no resueltos.<\/p>\n\n\n\n<p>Muchas de las conductas que nos afectan hoy provienen de traumas del pasado alojados en el subconsciente. Sin darnos cuenta, estos patrones condicionan nuestras decisiones y bienestar. A trav\u00e9s de esta terapia, podr\u00e1s reconectar contigo mismo y transformar tu vida.<\/p>\n\n\n\n<p>&#8212;<\/p>\n\n\n\n<p>ESTRUCTURA DEL PROGRAMA<br>El programa de terapia asistida consta de tres retiros, conocidos como el Retiro de 3 Lunas, dise\u00f1ados para guiar a cada persona en su proceso de transformaci\u00f3n.<\/p>\n\n\n\n<p>Primer Retiro \u2013 Reconexi\u00f3n con la Vida y la Existencia<br>&#8211; Duraci\u00f3n: 3 d\u00edas y 2 noches<br>&#8211; 2 tomas de Ayahuasca<br>&#8211; 1 toma de Bufo Alvarius (seg\u00fan evaluaci\u00f3n)<br>&#8211; 1 toma de Kamb\u00f3 (seg\u00fan evaluaci\u00f3n)<\/p>\n\n\n\n<p>Segundo Retiro \u2013 Desaprender y Aprender a Ser Humano<br>&#8211; Duraci\u00f3n: 3 d\u00edas y 2 noches<br>&#8211; 2 tomas de Ayahuasca<br>&#8211; 1 toma de Bufo Alvarius (seg\u00fan evaluaci\u00f3n)<br>&#8211; 1 toma de Kamb\u00f3 (seg\u00fan evaluaci\u00f3n)<\/p>\n\n\n\n<p>Tercer Retiro \u2013 Aprender a Vivir en su Realidad y Entorno<br>&#8211; Duraci\u00f3n: 3 d\u00edas y 2 noches<br>&#8211; 2 tomas de Ayahuasca<br>&#8211; 1 toma de Bufo Alvarius (seg\u00fan evaluaci\u00f3n)<br>&#8211; 1 toma de Kamb\u00f3 (seg\u00fan evaluaci\u00f3n)<\/p>\n\n\n\n<p>&#8212;<\/p>\n\n\n\n<p>RESULTADOS Y BENEFICIOS<br>El \u00e9xito del programa de terapia asistida depende de la voluntad y disposici\u00f3n de cada participante.<br>Para obtener los mejores resultados, es fundamental:<br>&#8211; Tener una intenci\u00f3n clara de sanaci\u00f3n.<br>&#8211; Mantener una actitud positiva<br>&#8211; Estar dispuesto a enfrentar y transformar aspectos profundos de la vida.<br>&#8211; Confiar en que todo lo que ocurra es parte del proceso.<\/p>\n\n\n\n<p>&#8212;<\/p>\n\n\n\n<p>VALORES Y FORMAS DE PAGO<br>Programa Completo \u2013 Retiro de 3 Lunas<br>Precio normal: $1.350.000<br>Precio especial: $1.080.000<\/p>\n\n\n\n<p>Formas de pago:<br>Pago anticipado con tarjeta de cr\u00e9dito<br>Pago anticipado por transferencia<\/p>\n\n\n\n<p>Jornadas Adicionales (Post-Retiro)<br>Luego de completar los 3 retiros, se recomienda un per\u00edodo de 2 meses de integraci\u00f3n antes de asistir a nuevas jornadas en los retiros programados.<\/p>\n\n\n\n<p>Valor normal por jornada $150.000<br>Valor especial para miembros de la Comunidad Entheos $120.000<\/p>\n\n\n\n<p>&#8212;<\/p>\n\n\n\n<p>DA EL PRIMER PASO HACIA TU TRANSFORMACI\u00d3N<br>Gracias por tomar la decisi\u00f3n que cambiar\u00e1 tu vida. Este camino te permitir\u00e1 ver la realidad desde otra perspectiva, confiar en el proceso y abrazar el cambio.<\/p>\n\n\n\n<figure class=\"wp-block-embed is-type-wp-embed is-provider-organizacion-entheos wp-block-embed-organizacion-entheos\"><div class=\"wp-block-embed__wrapper\">\n<blockquote class=\"wp-embedded-content\" data-secret=\"wRluXqJeQ3\"><a href=\"https:\/\/organizacionentheos.com\/las-adicciones-mas-alla-de-la-dependencia\/\">Las Adicciones: M\u00e1s All\u00e1 de la Dependencia<\/a><\/blockquote><iframe loading=\"lazy\" class=\"wp-embedded-content\" sandbox=\"allow-scripts\" security=\"restricted\" style=\"position: absolute; clip: rect(1px, 1px, 1px, 1px);\" title=\"\u00abLas Adicciones: M\u00e1s All\u00e1 de la Dependencia\u00bb \u2014 Organizaci\u00f3n Entheos\" src=\"https:\/\/organizacionentheos.com\/las-adicciones-mas-alla-de-la-dependencia\/embed\/#?secret=fNZbMJLsye#?secret=wRluXqJeQ3\" data-secret=\"wRluXqJeQ3\" width=\"600\" height=\"338\" frameborder=\"0\" marginwidth=\"0\" marginheight=\"0\" scrolling=\"no\"><\/iframe>\n<\/div><\/figure>\n\n\n\n<figure class=\"wp-block-embed is-type-wp-embed is-provider-organizacion-entheos wp-block-embed-organizacion-entheos\"><div class=\"wp-block-embed__wrapper\">\n<blockquote class=\"wp-embedded-content\" data-secret=\"FHRLAEw8yO\"><a href=\"https:\/\/organizacionentheos.com\/retiros-de-evolucion-interior\/\">RETIROS DE EVOLUCION INTERIOR Y EXPANSION DE CONSCIENCIA.<\/a><\/blockquote><iframe loading=\"lazy\" class=\"wp-embedded-content\" sandbox=\"allow-scripts\" security=\"restricted\" style=\"position: absolute; clip: rect(1px, 1px, 1px, 1px);\" title=\"\u00abRETIROS DE EVOLUCION INTERIOR Y EXPANSION DE CONSCIENCIA.\u00bb \u2014 Organizaci\u00f3n Entheos\" src=\"https:\/\/organizacionentheos.com\/retiros-de-evolucion-interior\/embed\/#?secret=16W864uNCB#?secret=FHRLAEw8yO\" data-secret=\"FHRLAEw8yO\" width=\"600\" height=\"338\" frameborder=\"0\" marginwidth=\"0\" marginheight=\"0\" scrolling=\"no\"><\/iframe>\n<\/div><\/figure>\n\n\n\n<p><\/p>\n","protected":false},"excerpt":{"rendered":"<p>Programa de Terapia asistida<\/p>\n","protected":false},"author":1,"featured_media":5036,"comment_status":"open","ping_status":"open","sticky":false,"template":"","format":"standard","meta":{"_acf_changed":false,"_joinchat":[],"footnotes":""},"categories":[58,59,17,5,1],"tags":[],"class_list":["post-5035","post","type-post","status-publish","format-standard","has-post-thumbnail","hentry","category-adicciones","category-adicciones-2","category-reflexion","category-investigacion","category-sin-categoria"],"acf":[],"yoast_head":"<!-- This site is optimized with the Yoast SEO plugin v26.5 - https:\/\/yoast.com\/wordpress\/plugins\/seo\/ -->\n<title>PROGRAMA DE TERAPIA ASISTIDA CON PLANTAS ANCESTRALES Y PSICOTERAPIA (RETIRO DE 3 LUNAS)<\/title>\n<meta name=\"robots\" content=\"index, follow, max-snippet:-1, max-image-preview:large, max-video-preview:-1\" \/>\n<link rel=\"canonical\" href=\"https:\/\/organizacionentheos.com\/en\/programa-de-terapia-asistida-con-plantas-ancestrales-y-psicoterapia\/\" \/>\n<meta property=\"og:locale\" content=\"en_US\" \/>\n<meta property=\"og:locale:alternate\" content=\"es_ES\" \/>\n<meta property=\"og:type\" content=\"article\" \/>\n<meta property=\"og:title\" content=\"PROGRAMA DE TERAPIA ASISTIDA CON PLANTAS ANCESTRALES Y PSICOTERAPIA (RETIRO DE 3 LUNAS)\" \/>\n<meta property=\"og:description\" content=\"Programa de Terapia asistida\" \/>\n<meta property=\"og:url\" content=\"https:\/\/organizacionentheos.com\/en\/programa-de-terapia-asistida-con-plantas-ancestrales-y-psicoterapia\/\" \/>\n<meta property=\"og:site_name\" content=\"Organizaci\u00f3n Entheos\" \/>\n<meta property=\"article:publisher\" content=\"https:\/\/www.facebook.com\/organizacionentheos\/\" \/>\n<meta property=\"article:published_time\" content=\"2025-03-31T23:08:54+00:00\" \/>\n<meta property=\"article:modified_time\" content=\"2025-03-31T23:08:55+00:00\" \/>\n<meta property=\"og:image\" content=\"https:\/\/organizacionentheos.com\/wp-content\/uploads\/2025\/03\/IMAGEN-ADICCIONES.jpg\" \/>\n\t<meta property=\"og:image:width\" content=\"641\" \/>\n\t<meta property=\"og:image:height\" content=\"635\" \/>\n\t<meta property=\"og:image:type\" content=\"image\/jpeg\" \/>\n<meta name=\"author\" content=\"entheos\" \/>\n<meta name=\"twitter:card\" content=\"summary_large_image\" \/>\n<meta name=\"twitter:label1\" content=\"Written by\" \/>\n\t<meta name=\"twitter:data1\" content=\"entheos\" \/>\n\t<meta name=\"twitter:label2\" content=\"Est. reading time\" \/>\n\t<meta name=\"twitter:data2\" content=\"3 minutes\" \/>\n<script type=\"application\/ld+json\" class=\"yoast-schema-graph\">{\"@context\":\"https:\/\/schema.org\",\"@graph\":[{\"@type\":\"Article\",\"@id\":\"https:\/\/organizacionentheos.com\/programa-de-terapia-asistida-con-plantas-ancestrales-y-psicoterapia\/#article\",\"isPartOf\":{\"@id\":\"https:\/\/organizacionentheos.com\/programa-de-terapia-asistida-con-plantas-ancestrales-y-psicoterapia\/\"},\"author\":{\"name\":\"entheos\",\"@id\":\"https:\/\/organizacionentheos.com\/#\/schema\/person\/2eb0f753b0184ead4e7bf62aa925ccef\"},\"headline\":\"PROGRAMA DE TERAPIA ASISTIDA CON PLANTAS ANCESTRALES Y PSICOTERAPIA (RETIRO DE 3 LUNAS)\",\"datePublished\":\"2025-03-31T23:08:54+00:00\",\"dateModified\":\"2025-03-31T23:08:55+00:00\",\"mainEntityOfPage\":{\"@id\":\"https:\/\/organizacionentheos.com\/programa-de-terapia-asistida-con-plantas-ancestrales-y-psicoterapia\/\"},\"wordCount\":514,\"commentCount\":0,\"publisher\":{\"@id\":\"https:\/\/organizacionentheos.com\/#organization\"},\"image\":{\"@id\":\"https:\/\/organizacionentheos.com\/programa-de-terapia-asistida-con-plantas-ancestrales-y-psicoterapia\/#primaryimage\"},\"thumbnailUrl\":\"https:\/\/organizacionentheos.com\/wp-content\/uploads\/2025\/03\/IMAGEN-ADICCIONES.jpg\",\"articleSection\":[\"Adicciones\",\"Adicciones\",\"Reflexi\u00f3n\",\"Investigaci\u00f3n\",\"Sin categor\u00eda\"],\"inLanguage\":\"en-US\",\"potentialAction\":[{\"@type\":\"CommentAction\",\"name\":\"Comment\",\"target\":[\"https:\/\/organizacionentheos.com\/programa-de-terapia-asistida-con-plantas-ancestrales-y-psicoterapia\/#respond\"]}]},{\"@type\":\"WebPage\",\"@id\":\"https:\/\/organizacionentheos.com\/programa-de-terapia-asistida-con-plantas-ancestrales-y-psicoterapia\/\",\"url\":\"https:\/\/organizacionentheos.com\/programa-de-terapia-asistida-con-plantas-ancestrales-y-psicoterapia\/\",\"name\":\"PROGRAMA DE TERAPIA ASISTIDA CON PLANTAS ANCESTRALES Y PSICOTERAPIA (RETIRO DE 3 LUNAS)\",\"isPartOf\":{\"@id\":\"https:\/\/organizacionentheos.com\/#website\"},\"primaryImageOfPage\":{\"@id\":\"https:\/\/organizacionentheos.com\/programa-de-terapia-asistida-con-plantas-ancestrales-y-psicoterapia\/#primaryimage\"},\"image\":{\"@id\":\"https:\/\/organizacionentheos.com\/programa-de-terapia-asistida-con-plantas-ancestrales-y-psicoterapia\/#primaryimage\"},\"thumbnailUrl\":\"https:\/\/organizacionentheos.com\/wp-content\/uploads\/2025\/03\/IMAGEN-ADICCIONES.jpg\",\"datePublished\":\"2025-03-31T23:08:54+00:00\",\"dateModified\":\"2025-03-31T23:08:55+00:00\",\"breadcrumb\":{\"@id\":\"https:\/\/organizacionentheos.com\/programa-de-terapia-asistida-con-plantas-ancestrales-y-psicoterapia\/#breadcrumb\"},\"inLanguage\":\"en-US\",\"potentialAction\":[{\"@type\":\"ReadAction\",\"target\":[\"https:\/\/organizacionentheos.com\/programa-de-terapia-asistida-con-plantas-ancestrales-y-psicoterapia\/\"]}]},{\"@type\":\"ImageObject\",\"inLanguage\":\"en-US\",\"@id\":\"https:\/\/organizacionentheos.com\/programa-de-terapia-asistida-con-plantas-ancestrales-y-psicoterapia\/#primaryimage\",\"url\":\"https:\/\/organizacionentheos.com\/wp-content\/uploads\/2025\/03\/IMAGEN-ADICCIONES.jpg\",\"contentUrl\":\"https:\/\/organizacionentheos.com\/wp-content\/uploads\/2025\/03\/IMAGEN-ADICCIONES.jpg\",\"width\":641,\"height\":635},{\"@type\":\"BreadcrumbList\",\"@id\":\"https:\/\/organizacionentheos.com\/programa-de-terapia-asistida-con-plantas-ancestrales-y-psicoterapia\/#breadcrumb\",\"itemListElement\":[{\"@type\":\"ListItem\",\"position\":1,\"name\":\"Portada\",\"item\":\"https:\/\/organizacionentheos.com\/\"},{\"@type\":\"ListItem\",\"position\":2,\"name\":\"PROGRAMA DE TERAPIA ASISTIDA CON PLANTAS ANCESTRALES Y PSICOTERAPIA (RETIRO DE 3 LUNAS)\"}]},{\"@type\":\"WebSite\",\"@id\":\"https:\/\/organizacionentheos.com\/#website\",\"url\":\"https:\/\/organizacionentheos.com\/\",\"name\":\"Organizaci\u00f3n Entheos\",\"description\":\"Hecho con amor para grandes personas\",\"publisher\":{\"@id\":\"https:\/\/organizacionentheos.com\/#organization\"},\"potentialAction\":[{\"@type\":\"SearchAction\",\"target\":{\"@type\":\"EntryPoint\",\"urlTemplate\":\"https:\/\/organizacionentheos.com\/?s={search_term_string}\"},\"query-input\":{\"@type\":\"PropertyValueSpecification\",\"valueRequired\":true,\"valueName\":\"search_term_string\"}}],\"inLanguage\":\"en-US\"},{\"@type\":\"Organization\",\"@id\":\"https:\/\/organizacionentheos.com\/#organization\",\"name\":\"Organizaci\u00f3n Entheos\",\"url\":\"https:\/\/organizacionentheos.com\/\",\"logo\":{\"@type\":\"ImageObject\",\"inLanguage\":\"en-US\",\"@id\":\"https:\/\/organizacionentheos.com\/#\/schema\/logo\/image\/\",\"url\":\"https:\/\/organizacionentheos.com\/wp-content\/uploads\/2025\/11\/entheoslogo2025.jpg\",\"contentUrl\":\"https:\/\/organizacionentheos.com\/wp-content\/uploads\/2025\/11\/entheoslogo2025.jpg\",\"width\":1600,\"height\":901,\"caption\":\"Organizaci\u00f3n Entheos\"},\"image\":{\"@id\":\"https:\/\/organizacionentheos.com\/#\/schema\/logo\/image\/\"},\"sameAs\":[\"https:\/\/www.facebook.com\/organizacionentheos\/\",\"https:\/\/www.instagram.com\/entheos_org\",\"https:\/\/www.tiktok.com\/entheos_org\"]},{\"@type\":\"Person\",\"@id\":\"https:\/\/organizacionentheos.com\/#\/schema\/person\/2eb0f753b0184ead4e7bf62aa925ccef\",\"name\":\"entheos\",\"image\":{\"@type\":\"ImageObject\",\"inLanguage\":\"en-US\",\"@id\":\"https:\/\/organizacionentheos.com\/#\/schema\/person\/image\/\",\"url\":\"https:\/\/secure.gravatar.com\/avatar\/c343bb4bda6c29248b3b0421bb53ba8bdffea1103b9cd2d9d97cc5a907f71700?s=96&d=mm&r=g\",\"contentUrl\":\"https:\/\/secure.gravatar.com\/avatar\/c343bb4bda6c29248b3b0421bb53ba8bdffea1103b9cd2d9d97cc5a907f71700?s=96&d=mm&r=g\",\"caption\":\"entheos\"},\"url\":\"https:\/\/organizacionentheos.com\/en\/author\/entheos\/\"}]}<\/script>\n<!-- \/ Yoast SEO plugin. -->","yoast_head_json":{"title":"PROGRAMA DE TERAPIA ASISTIDA CON PLANTAS ANCESTRALES Y PSICOTERAPIA (RETIRO DE 3 LUNAS)","robots":{"index":"index","follow":"follow","max-snippet":"max-snippet:-1","max-image-preview":"max-image-preview:large","max-video-preview":"max-video-preview:-1"},"canonical":"https:\/\/organizacionentheos.com\/en\/programa-de-terapia-asistida-con-plantas-ancestrales-y-psicoterapia\/","og_locale":"en_US","og_type":"article","og_title":"[:es]PROGRAMA DE TERAPIA ASISTIDA CON PLANTAS ANCESTRALES Y PSICOTERAPIA (RETIRO DE 3 LUNAS)[:] - Organizaci\u00f3n Entheos","og_description":"Programa de Terapia asistida","og_url":"https:\/\/organizacionentheos.com\/en\/programa-de-terapia-asistida-con-plantas-ancestrales-y-psicoterapia\/","og_site_name":"Organizaci\u00f3n Entheos","article_publisher":"https:\/\/www.facebook.com\/organizacionentheos\/","article_published_time":"2025-03-31T23:08:54+00:00","article_modified_time":"2025-03-31T23:08:55+00:00","og_image":[{"width":641,"height":635,"url":"https:\/\/organizacionentheos.com\/wp-content\/uploads\/2025\/03\/IMAGEN-ADICCIONES.jpg","type":"image\/jpeg"}],"author":"entheos","twitter_card":"summary_large_image","twitter_misc":{"Written by":"entheos","Est. reading time":"3 minutes"},"schema":{"@context":"https:\/\/schema.org","@graph":[{"@type":"Article","@id":"https:\/\/organizacionentheos.com\/programa-de-terapia-asistida-con-plantas-ancestrales-y-psicoterapia\/#article","isPartOf":{"@id":"https:\/\/organizacionentheos.com\/programa-de-terapia-asistida-con-plantas-ancestrales-y-psicoterapia\/"},"author":{"name":"entheos","@id":"https:\/\/organizacionentheos.com\/#\/schema\/person\/2eb0f753b0184ead4e7bf62aa925ccef"},"headline":"PROGRAMA DE TERAPIA ASISTIDA CON PLANTAS ANCESTRALES Y PSICOTERAPIA (RETIRO DE 3 LUNAS)","datePublished":"2025-03-31T23:08:54+00:00","dateModified":"2025-03-31T23:08:55+00:00","mainEntityOfPage":{"@id":"https:\/\/organizacionentheos.com\/programa-de-terapia-asistida-con-plantas-ancestrales-y-psicoterapia\/"},"wordCount":514,"commentCount":0,"publisher":{"@id":"https:\/\/organizacionentheos.com\/#organization"},"image":{"@id":"https:\/\/organizacionentheos.com\/programa-de-terapia-asistida-con-plantas-ancestrales-y-psicoterapia\/#primaryimage"},"thumbnailUrl":"https:\/\/organizacionentheos.com\/wp-content\/uploads\/2025\/03\/IMAGEN-ADICCIONES.jpg","articleSection":["Adicciones","Adicciones","Reflexi\u00f3n","Investigaci\u00f3n","Sin categor\u00eda"],"inLanguage":"en-US","potentialAction":[{"@type":"CommentAction","name":"Comment","target":["https:\/\/organizacionentheos.com\/programa-de-terapia-asistida-con-plantas-ancestrales-y-psicoterapia\/#respond"]}]},{"@type":"WebPage","@id":"https:\/\/organizacionentheos.com\/programa-de-terapia-asistida-con-plantas-ancestrales-y-psicoterapia\/","url":"https:\/\/organizacionentheos.com\/programa-de-terapia-asistida-con-plantas-ancestrales-y-psicoterapia\/","name":"PROGRAMA DE TERAPIA ASISTIDA CON PLANTAS ANCESTRALES Y PSICOTERAPIA (RETIRO DE 3 LUNAS)","isPartOf":{"@id":"https:\/\/organizacionentheos.com\/#website"},"primaryImageOfPage":{"@id":"https:\/\/organizacionentheos.com\/programa-de-terapia-asistida-con-plantas-ancestrales-y-psicoterapia\/#primaryimage"},"image":{"@id":"https:\/\/organizacionentheos.com\/programa-de-terapia-asistida-con-plantas-ancestrales-y-psicoterapia\/#primaryimage"},"thumbnailUrl":"https:\/\/organizacionentheos.com\/wp-content\/uploads\/2025\/03\/IMAGEN-ADICCIONES.jpg","datePublished":"2025-03-31T23:08:54+00:00","dateModified":"2025-03-31T23:08:55+00:00","breadcrumb":{"@id":"https:\/\/organizacionentheos.com\/programa-de-terapia-asistida-con-plantas-ancestrales-y-psicoterapia\/#breadcrumb"},"inLanguage":"en-US","potentialAction":[{"@type":"ReadAction","target":["https:\/\/organizacionentheos.com\/programa-de-terapia-asistida-con-plantas-ancestrales-y-psicoterapia\/"]}]},{"@type":"ImageObject","inLanguage":"en-US","@id":"https:\/\/organizacionentheos.com\/programa-de-terapia-asistida-con-plantas-ancestrales-y-psicoterapia\/#primaryimage","url":"https:\/\/organizacionentheos.com\/wp-content\/uploads\/2025\/03\/IMAGEN-ADICCIONES.jpg","contentUrl":"https:\/\/organizacionentheos.com\/wp-content\/uploads\/2025\/03\/IMAGEN-ADICCIONES.jpg","width":641,"height":635},{"@type":"BreadcrumbList","@id":"https:\/\/organizacionentheos.com\/programa-de-terapia-asistida-con-plantas-ancestrales-y-psicoterapia\/#breadcrumb","itemListElement":[{"@type":"ListItem","position":1,"name":"Portada","item":"https:\/\/organizacionentheos.com\/"},{"@type":"ListItem","position":2,"name":"PROGRAMA DE TERAPIA ASISTIDA CON PLANTAS ANCESTRALES Y PSICOTERAPIA (RETIRO DE 3 LUNAS)"}]},{"@type":"WebSite","@id":"https:\/\/organizacionentheos.com\/#website","url":"https:\/\/organizacionentheos.com\/","name":"Organizaci\u00f3n Entheos","description":"Hecho con amor para grandes personas","publisher":{"@id":"https:\/\/organizacionentheos.com\/#organization"},"potentialAction":[{"@type":"SearchAction","target":{"@type":"EntryPoint","urlTemplate":"https:\/\/organizacionentheos.com\/?s={search_term_string}"},"query-input":{"@type":"PropertyValueSpecification","valueRequired":true,"valueName":"search_term_string"}}],"inLanguage":"en-US"},{"@type":"Organization","@id":"https:\/\/organizacionentheos.com\/#organization","name":"Organizaci\u00f3n Entheos","url":"https:\/\/organizacionentheos.com\/","logo":{"@type":"ImageObject","inLanguage":"en-US","@id":"https:\/\/organizacionentheos.com\/#\/schema\/logo\/image\/","url":"https:\/\/organizacionentheos.com\/wp-content\/uploads\/2025\/11\/entheoslogo2025.jpg","contentUrl":"https:\/\/organizacionentheos.com\/wp-content\/uploads\/2025\/11\/entheoslogo2025.jpg","width":1600,"height":901,"caption":"Organizaci\u00f3n Entheos"},"image":{"@id":"https:\/\/organizacionentheos.com\/#\/schema\/logo\/image\/"},"sameAs":["https:\/\/www.facebook.com\/organizacionentheos\/","https:\/\/www.instagram.com\/entheos_org","https:\/\/www.tiktok.com\/entheos_org"]},{"@type":"Person","@id":"https:\/\/organizacionentheos.com\/#\/schema\/person\/2eb0f753b0184ead4e7bf62aa925ccef","name":"entheos","image":{"@type":"ImageObject","inLanguage":"en-US","@id":"https:\/\/organizacionentheos.com\/#\/schema\/person\/image\/","url":"https:\/\/secure.gravatar.com\/avatar\/c343bb4bda6c29248b3b0421bb53ba8bdffea1103b9cd2d9d97cc5a907f71700?s=96&d=mm&r=g","contentUrl":"https:\/\/secure.gravatar.com\/avatar\/c343bb4bda6c29248b3b0421bb53ba8bdffea1103b9cd2d9d97cc5a907f71700?s=96&d=mm&r=g","caption":"entheos"},"url":"https:\/\/organizacionentheos.com\/en\/author\/entheos\/"}]}},"_links":{"self":[{"href":"https:\/\/organizacionentheos.com\/en\/wp-json\/wp\/v2\/posts\/5035","targetHints":{"allow":["GET"]}}],"collection":[{"href":"https:\/\/organizacionentheos.com\/en\/wp-json\/wp\/v2\/posts"}],"about":[{"href":"https:\/\/organizacionentheos.com\/en\/wp-json\/wp\/v2\/types\/post"}],"author":[{"embeddable":true,"href":"https:\/\/organizacionentheos.com\/en\/wp-json\/wp\/v2\/users\/1"}],"replies":[{"embeddable":true,"href":"https:\/\/organizacionentheos.com\/en\/wp-json\/wp\/v2\/comments?post=5035"}],"version-history":[{"count":2,"href":"https:\/\/organizacionentheos.com\/en\/wp-json\/wp\/v2\/posts\/5035\/revisions"}],"predecessor-version":[{"id":5038,"href":"https:\/\/organizacionentheos.com\/en\/wp-json\/wp\/v2\/posts\/5035\/revisions\/5038"}],"wp:featuredmedia":[{"embeddable":true,"href":"https:\/\/organizacionentheos.com\/en\/wp-json\/wp\/v2\/media\/5036"}],"wp:attachment":[{"href":"https:\/\/organizacionentheos.com\/en\/wp-json\/wp\/v2\/media?parent=5035"}],"wp:term":[{"taxonomy":"category","embeddable":true,"href":"https:\/\/organizacionentheos.com\/en\/wp-json\/wp\/v2\/categories?post=5035"},{"taxonomy":"post_tag","embeddable":true,"href":"https:\/\/organizacionentheos.com\/en\/wp-json\/wp\/v2\/tags?post=5035"}],"curies":[{"name":"wp","href":"https:\/\/api.w.org\/{rel}","templated":true}]}}