{"id":4897,"date":"2024-07-23T00:16:10","date_gmt":"2024-07-23T00:16:10","guid":{"rendered":"https:\/\/organizacionentheos.com\/?p=4897"},"modified":"2024-07-23T00:16:11","modified_gmt":"2024-07-23T00:16:11","slug":"heridas-emocionales-primordiales","status":"publish","type":"post","link":"https:\/\/organizacionentheos.com\/en\/heridas-emocionales-primordiales\/","title":{"rendered":"HERIDAS EMOCIONALES PRIMORDIALES"},"content":{"rendered":"\n<figure class=\"wp-block-image size-large\"><img loading=\"lazy\" decoding=\"async\" width=\"1024\" height=\"576\" src=\"https:\/\/organizacionentheos.com\/wp-content\/uploads\/2024\/07\/Post-Heridas-emocionales-primordiales-1024x576.jpeg\" alt=\"6 heridas emocionales primordiales para reconocer\" class=\"wp-image-4898\" srcset=\"https:\/\/organizacionentheos.com\/wp-content\/uploads\/2024\/07\/Post-Heridas-emocionales-primordiales-1024x576.jpeg 1024w, https:\/\/organizacionentheos.com\/wp-content\/uploads\/2024\/07\/Post-Heridas-emocionales-primordiales-300x169.jpeg 300w, https:\/\/organizacionentheos.com\/wp-content\/uploads\/2024\/07\/Post-Heridas-emocionales-primordiales.jpeg 1366w\" sizes=\"auto, (max-width: 1024px) 100vw, 1024px\" \/><\/figure>\n\n\n\n<p>Las heridas emocionales primordiales son esas experiencias dolorosas que vivimos en la infancia y que nos marcan profundamente, influyendo en c\u00f3mo nos sentimos y nos relacionamos con los dem\u00e1s. Imagina que son como cicatrices invisibles en nuestro coraz\u00f3n. Aqu\u00ed te explico las cinco m\u00e1s comunes m\u00e1s una sexta que se ha estudiado \u00faltimamente, de una manera sencilla:<\/p>\n\n\n\n<p><strong>Abandono<\/strong>: En el momento cuando te percibiste solo y sin el cari\u00f1o o la atenci\u00f3n que necesitabas. Esto puede hacer que, de adulto, tengas miedo a estar solo o que busques siempre la compa\u00f1\u00eda de otros para sentirte seguro.<\/p>\n\n\n\n<p><strong>Rechazo<\/strong>: En el momento cuando te percibiste no querido o no aceptado, como si no fueras suficiente. Esto puede afectar tu autoestima y hacer que temas ser rechazado en tus relaciones actuales.<\/p>\n\n\n\n<p><strong>Injusticia<\/strong>: En el momento cuando percibiste que te trataron de manera injusta o desigual. Puede hacer que te vuelvas muy r\u00edgido o perfeccionista, siempre buscando que todo sea justo y correcto.<\/p>\n\n\n\n<p><strong>Traici\u00f3n<\/strong>: En el momento cuando percibiste que alguien rompi\u00f3 tu confianza o te defraud\u00f3. Esto puede llevarte a tener problemas para confiar en las personas y a querer controlar todo para evitar que te vuelvan a lastimar.<\/p>\n\n\n\n<p><strong>Humillaci\u00f3n<\/strong>: En el momento cuando te sentiste avergonzado o menospreciado. Esto puede hacer que te sientas indigno o con baja autoestima, y puede que te cueste aceptarte tal y como eres.<\/p>\n\n\n\n<p><strong>Sobreprotecci\u00f3n<\/strong>: \u00a0Aunque la sobreprotecci\u00f3n no es considerada una de las heridas emocionales primordiales cl\u00e1sicas, puede tener un gran impacto en nuestra vida. Imagina que la sobreprotecci\u00f3n es como vivir en una burbuja donde te sientes seguro, pero al mismo tiempo, te limita en muchas maneras. Aqu\u00ed te explico c\u00f3mo afecta: <strong>Falta de Autonom\u00eda<\/strong>: Al estar siempre protegido, puedes sentir que no eres capaz de hacer las cosas por ti mismo. Esto puede hacerte dudar de tus propias habilidades y sentirte inseguro.  <strong>Miedo al Fracaso<\/strong>: Si nunca te dejan equivocarte, puedes desarrollar un gran miedo a fallar. El fracaso se vuelve algo aterrador porque no est\u00e1s acostumbrado a lidiar con \u00e9l.  <strong>Dependencia<\/strong>: La sobreprotecci\u00f3n puede hacerte depender demasiado de otros para tomar decisiones. Es como si siempre necesitaras una red de seguridad para sentirte bien.  <strong>Ansiedad y Estr\u00e9s<\/strong>: Cuando te enfrentas a situaciones nuevas o dif\u00edciles, puedes sentirte muy ansioso y estresado porque no est\u00e1s acostumbrado a manejar estos desaf\u00edos por ti mismo.   <strong>Falta de Resiliencia<\/strong>: La resiliencia es la capacidad de recuperarse de las dificultades. Si siempre te protegen de los problemas, no desarrollas esta habilidad y cualquier contratiempo puede parecer un gran obst\u00e1culo.  En resumen, la sobreprotecci\u00f3n puede ser como una burbuja que te protege del mundo exterior, pero tambi\u00e9n te impide crecer y desarrollarte plenamente. La clave es salir de esa burbuja poco a poco, enfrentando desaf\u00edos y aprendiendo a confiar en tus propias capacidades. As\u00ed, podr\u00e1s convertirte en una persona m\u00e1s fuerte y aut\u00f3noma.<\/p>\n\n\n\n<p><strong>Y COMO SANAMOS?<\/strong><\/p>\n\n\n\n<p>Reconocer estas heridas es el primer paso para sanar y construir relaciones m\u00e1s saludables y una mejor relaci\u00f3n contigo mismo.<\/p>\n\n\n\n<p>Sanar estas heridas emocionales puede ser un proceso largo, pero es muy importante para mejorar tu bienestar emocional y tus relaciones. Aqu\u00ed te dejo algunos pasos que pueden ayudarte en este camino:<\/p>\n\n\n\n<p><strong>Reconocimiento<\/strong>: El primer paso es darte cuenta de que tienes estas heridas. Reflexiona sobre tu infancia y tus experiencias pasadas para identificar qu\u00e9 heridas podr\u00edan estar afect\u00e1ndote.<\/p>\n\n\n\n<p><strong>Aceptaci\u00f3n<\/strong>: Una vez que hayas identificado tus heridas, acepta que est\u00e1n ah\u00ed y que es normal sentir dolor por ellas. No te juzgues por tener estas heridas; todos las tenemos de una forma u otra.<\/p>\n\n\n\n<p><strong>Expresi\u00f3n<\/strong>: Hablar sobre tus sentimientos con alguien de confianza, como un amigo, un terapeuta o un grupo de apoyo, puede ser muy liberador. Expresar lo que sientes te ayuda a procesar el dolor y a entenderlo mejor.<\/p>\n\n\n\n<p><strong>Perd\u00f3n<\/strong>: El perd\u00f3n, tanto hacia los dem\u00e1s como hacia ti mismo, es crucial para la sanaci\u00f3n. Esto no significa que debas olvidar lo que sucedi\u00f3, sino liberar la carga emocional que llevas.<\/p>\n\n\n\n<p><strong>Autocuidado<\/strong>: Practica el autocuidado y la autocompasi\u00f3n. Dedica tiempo a actividades que te hagan sentir bien y que te ayuden a relajarte. Aprende a tratarte con amabilidad y a poner l\u00edmites saludables.<\/p>\n\n\n\n<p><strong>Crecimiento personal<\/strong>: Invierte en tu crecimiento personal. Lee libros, asiste a talleres, o busca recursos que te ayuden a entenderte mejor y a sanar tus heridas. La terapia es una herramienta muy valiosa en este proceso.<\/p>\n\n\n\n<p><strong>Paciencia<\/strong>: Recuerda que sanar lleva tiempo. No te desesperes si no ves cambios inmediatos. Cada peque\u00f1o paso que das te acerca a una mejor versi\u00f3n de ti mismo.<\/p>\n\n\n\n<p>Trabajar en estas heridas emocionales primordiales te permitir\u00e1 vivir una vida m\u00e1s plena y aut\u00e9ntica, mejorando tu relaci\u00f3n contigo mismo y con los dem\u00e1s. Es un viaje hacia el autoconocimiento y la sanaci\u00f3n que vale la pena emprender.<\/p>\n\n\n\n<figure class=\"wp-block-embed is-type-wp-embed is-provider-organizacion-entheos wp-block-embed-organizacion-entheos\"><div class=\"wp-block-embed__wrapper\">\n<blockquote class=\"wp-embedded-content\" data-secret=\"JBLRjlm9il\"><a href=\"https:\/\/organizacionentheos.com\/retiros-de-evolucion-interior\/\">RETIROS DE EVOLUCION INTERIOR Y EXPANSION DE CONSCIENCIA.<\/a><\/blockquote><iframe loading=\"lazy\" class=\"wp-embedded-content\" sandbox=\"allow-scripts\" security=\"restricted\" style=\"position: absolute; clip: rect(1px, 1px, 1px, 1px);\" title=\"\u00abRETIROS DE EVOLUCION INTERIOR Y EXPANSION DE CONSCIENCIA.\u00bb \u2014 Organizaci\u00f3n Entheos\" src=\"https:\/\/organizacionentheos.com\/retiros-de-evolucion-interior\/embed\/#?secret=IzhOQCmT06#?secret=JBLRjlm9il\" data-secret=\"JBLRjlm9il\" width=\"600\" height=\"338\" frameborder=\"0\" marginwidth=\"0\" marginheight=\"0\" scrolling=\"no\"><\/iframe>\n<\/div><\/figure>\n\n\n","protected":false},"excerpt":{"rendered":"<p>Las heridas emocionales primordiales son esas experiencias dolorosas que vivimos en la infancia y que nos marcan profundamente, influyendo en c\u00f3mo nos sentimos y nos relacionamos con los dem\u00e1s. Imagina que son como cicatrices invisibles en nuestro coraz\u00f3n. Aqu\u00ed te explico las cinco m\u00e1s comunes m\u00e1s una sexta que se ha estudiado \u00faltimamente, de una&#8230;<\/p>\n","protected":false},"author":1,"featured_media":4898,"comment_status":"open","ping_status":"open","sticky":false,"template":"","format":"standard","meta":{"_acf_changed":false,"_joinchat":[],"footnotes":""},"categories":[17,5],"tags":[55,52,51,53,8,54],"class_list":["post-4897","post","type-post","status-publish","format-standard","has-post-thumbnail","hentry","category-reflexion","category-investigacion","tag-autoayuda","tag-emocionales","tag-heridas","tag-primordiales","tag-retiros","tag-sanacion"],"acf":[],"yoast_head":"<!-- This site is optimized with the Yoast SEO plugin v26.5 - https:\/\/yoast.com\/wordpress\/plugins\/seo\/ -->\n<title>HERIDAS EMOCIONALES PRIMORDIALES<\/title>\n<meta name=\"description\" content=\"Las heridas emocionales primordiales son esas experiencias dolorosas que vivimos en la infancia y que nos marcan profundamente.\" \/>\n<meta name=\"robots\" content=\"index, follow, max-snippet:-1, max-image-preview:large, max-video-preview:-1\" \/>\n<link rel=\"canonical\" href=\"https:\/\/organizacionentheos.com\/en\/heridas-emocionales-primordiales\/\" \/>\n<meta property=\"og:locale\" content=\"en_US\" \/>\n<meta property=\"og:locale:alternate\" content=\"es_ES\" \/>\n<meta property=\"og:type\" content=\"article\" \/>\n<meta property=\"og:title\" content=\"HERIDAS EMOCIONALES PRIMORDIALES\" \/>\n<meta property=\"og:description\" content=\"Las heridas emocionales primordiales son esas experiencias dolorosas que vivimos en la infancia y que nos marcan profundamente.\" \/>\n<meta property=\"og:url\" content=\"https:\/\/organizacionentheos.com\/en\/heridas-emocionales-primordiales\/\" \/>\n<meta property=\"og:site_name\" content=\"Organizaci\u00f3n Entheos\" \/>\n<meta property=\"article:publisher\" content=\"https:\/\/www.facebook.com\/organizacionentheos\/\" \/>\n<meta property=\"article:published_time\" content=\"2024-07-23T00:16:10+00:00\" \/>\n<meta property=\"article:modified_time\" content=\"2024-07-23T00:16:11+00:00\" \/>\n<meta property=\"og:image\" content=\"https:\/\/organizacionentheos.com\/wp-content\/uploads\/2024\/07\/Post-Heridas-emocionales-primordiales.jpeg\" \/>\n\t<meta property=\"og:image:width\" content=\"1366\" \/>\n\t<meta property=\"og:image:height\" content=\"768\" \/>\n\t<meta property=\"og:image:type\" content=\"image\/jpeg\" \/>\n<meta name=\"author\" content=\"entheos\" \/>\n<meta name=\"twitter:card\" content=\"summary_large_image\" \/>\n<meta name=\"twitter:label1\" content=\"Written by\" \/>\n\t<meta name=\"twitter:data1\" content=\"entheos\" \/>\n\t<meta name=\"twitter:label2\" content=\"Est. reading time\" \/>\n\t<meta name=\"twitter:data2\" content=\"5 minutes\" \/>\n<script type=\"application\/ld+json\" class=\"yoast-schema-graph\">{\"@context\":\"https:\/\/schema.org\",\"@graph\":[{\"@type\":\"Article\",\"@id\":\"https:\/\/organizacionentheos.com\/heridas-emocionales-primordiales\/#article\",\"isPartOf\":{\"@id\":\"https:\/\/organizacionentheos.com\/heridas-emocionales-primordiales\/\"},\"author\":{\"name\":\"entheos\",\"@id\":\"https:\/\/organizacionentheos.com\/#\/schema\/person\/2eb0f753b0184ead4e7bf62aa925ccef\"},\"headline\":\"HERIDAS EMOCIONALES PRIMORDIALES\",\"datePublished\":\"2024-07-23T00:16:10+00:00\",\"dateModified\":\"2024-07-23T00:16:11+00:00\",\"mainEntityOfPage\":{\"@id\":\"https:\/\/organizacionentheos.com\/heridas-emocionales-primordiales\/\"},\"wordCount\":853,\"commentCount\":0,\"publisher\":{\"@id\":\"https:\/\/organizacionentheos.com\/#organization\"},\"image\":{\"@id\":\"https:\/\/organizacionentheos.com\/heridas-emocionales-primordiales\/#primaryimage\"},\"thumbnailUrl\":\"https:\/\/organizacionentheos.com\/wp-content\/uploads\/2024\/07\/Post-Heridas-emocionales-primordiales.jpeg\",\"keywords\":[\"autoayuda\",\"emocionales\",\"heridas\",\"primordiales\",\"Retiros\",\"sanacion\"],\"articleSection\":[\"Reflexi\u00f3n\",\"Investigaci\u00f3n\"],\"inLanguage\":\"en-US\",\"potentialAction\":[{\"@type\":\"CommentAction\",\"name\":\"Comment\",\"target\":[\"https:\/\/organizacionentheos.com\/heridas-emocionales-primordiales\/#respond\"]}]},{\"@type\":\"WebPage\",\"@id\":\"https:\/\/organizacionentheos.com\/heridas-emocionales-primordiales\/\",\"url\":\"https:\/\/organizacionentheos.com\/heridas-emocionales-primordiales\/\",\"name\":\"HERIDAS EMOCIONALES PRIMORDIALES\",\"isPartOf\":{\"@id\":\"https:\/\/organizacionentheos.com\/#website\"},\"primaryImageOfPage\":{\"@id\":\"https:\/\/organizacionentheos.com\/heridas-emocionales-primordiales\/#primaryimage\"},\"image\":{\"@id\":\"https:\/\/organizacionentheos.com\/heridas-emocionales-primordiales\/#primaryimage\"},\"thumbnailUrl\":\"https:\/\/organizacionentheos.com\/wp-content\/uploads\/2024\/07\/Post-Heridas-emocionales-primordiales.jpeg\",\"datePublished\":\"2024-07-23T00:16:10+00:00\",\"dateModified\":\"2024-07-23T00:16:11+00:00\",\"description\":\"Las heridas emocionales primordiales son esas experiencias dolorosas que vivimos en la infancia y que nos marcan profundamente.\",\"breadcrumb\":{\"@id\":\"https:\/\/organizacionentheos.com\/heridas-emocionales-primordiales\/#breadcrumb\"},\"inLanguage\":\"en-US\",\"potentialAction\":[{\"@type\":\"ReadAction\",\"target\":[\"https:\/\/organizacionentheos.com\/heridas-emocionales-primordiales\/\"]}]},{\"@type\":\"ImageObject\",\"inLanguage\":\"en-US\",\"@id\":\"https:\/\/organizacionentheos.com\/heridas-emocionales-primordiales\/#primaryimage\",\"url\":\"https:\/\/organizacionentheos.com\/wp-content\/uploads\/2024\/07\/Post-Heridas-emocionales-primordiales.jpeg\",\"contentUrl\":\"https:\/\/organizacionentheos.com\/wp-content\/uploads\/2024\/07\/Post-Heridas-emocionales-primordiales.jpeg\",\"width\":1366,\"height\":768},{\"@type\":\"BreadcrumbList\",\"@id\":\"https:\/\/organizacionentheos.com\/heridas-emocionales-primordiales\/#breadcrumb\",\"itemListElement\":[{\"@type\":\"ListItem\",\"position\":1,\"name\":\"Portada\",\"item\":\"https:\/\/organizacionentheos.com\/\"},{\"@type\":\"ListItem\",\"position\":2,\"name\":\"HERIDAS EMOCIONALES PRIMORDIALES\"}]},{\"@type\":\"WebSite\",\"@id\":\"https:\/\/organizacionentheos.com\/#website\",\"url\":\"https:\/\/organizacionentheos.com\/\",\"name\":\"Organizaci\u00f3n Entheos\",\"description\":\"Hecho con amor para grandes personas\",\"publisher\":{\"@id\":\"https:\/\/organizacionentheos.com\/#organization\"},\"potentialAction\":[{\"@type\":\"SearchAction\",\"target\":{\"@type\":\"EntryPoint\",\"urlTemplate\":\"https:\/\/organizacionentheos.com\/?s={search_term_string}\"},\"query-input\":{\"@type\":\"PropertyValueSpecification\",\"valueRequired\":true,\"valueName\":\"search_term_string\"}}],\"inLanguage\":\"en-US\"},{\"@type\":\"Organization\",\"@id\":\"https:\/\/organizacionentheos.com\/#organization\",\"name\":\"Organizaci\u00f3n Entheos\",\"url\":\"https:\/\/organizacionentheos.com\/\",\"logo\":{\"@type\":\"ImageObject\",\"inLanguage\":\"en-US\",\"@id\":\"https:\/\/organizacionentheos.com\/#\/schema\/logo\/image\/\",\"url\":\"https:\/\/organizacionentheos.com\/wp-content\/uploads\/2025\/11\/entheoslogo2025.jpg\",\"contentUrl\":\"https:\/\/organizacionentheos.com\/wp-content\/uploads\/2025\/11\/entheoslogo2025.jpg\",\"width\":1600,\"height\":901,\"caption\":\"Organizaci\u00f3n Entheos\"},\"image\":{\"@id\":\"https:\/\/organizacionentheos.com\/#\/schema\/logo\/image\/\"},\"sameAs\":[\"https:\/\/www.facebook.com\/organizacionentheos\/\",\"https:\/\/www.instagram.com\/entheos_org\",\"https:\/\/www.tiktok.com\/entheos_org\"]},{\"@type\":\"Person\",\"@id\":\"https:\/\/organizacionentheos.com\/#\/schema\/person\/2eb0f753b0184ead4e7bf62aa925ccef\",\"name\":\"entheos\",\"image\":{\"@type\":\"ImageObject\",\"inLanguage\":\"en-US\",\"@id\":\"https:\/\/organizacionentheos.com\/#\/schema\/person\/image\/\",\"url\":\"https:\/\/secure.gravatar.com\/avatar\/c343bb4bda6c29248b3b0421bb53ba8bdffea1103b9cd2d9d97cc5a907f71700?s=96&d=mm&r=g\",\"contentUrl\":\"https:\/\/secure.gravatar.com\/avatar\/c343bb4bda6c29248b3b0421bb53ba8bdffea1103b9cd2d9d97cc5a907f71700?s=96&d=mm&r=g\",\"caption\":\"entheos\"},\"url\":\"https:\/\/organizacionentheos.com\/en\/author\/entheos\/\"}]}<\/script>\n<!-- \/ Yoast SEO plugin. -->","yoast_head_json":{"title":"HERIDAS EMOCIONALES PRIMORDIALES","description":"Las heridas emocionales primordiales son esas experiencias dolorosas que vivimos en la infancia y que nos marcan profundamente.","robots":{"index":"index","follow":"follow","max-snippet":"max-snippet:-1","max-image-preview":"max-image-preview:large","max-video-preview":"max-video-preview:-1"},"canonical":"https:\/\/organizacionentheos.com\/en\/heridas-emocionales-primordiales\/","og_locale":"en_US","og_type":"article","og_title":"[:es]HERIDAS EMOCIONALES PRIMORDIALES[:] - Organizaci\u00f3n Entheos","og_description":"[:es]Las heridas emocionales primordiales son esas experiencias dolorosas que vivimos en la infancia y que nos marcan profundamente.[:]","og_url":"https:\/\/organizacionentheos.com\/en\/heridas-emocionales-primordiales\/","og_site_name":"Organizaci\u00f3n Entheos","article_publisher":"https:\/\/www.facebook.com\/organizacionentheos\/","article_published_time":"2024-07-23T00:16:10+00:00","article_modified_time":"2024-07-23T00:16:11+00:00","og_image":[{"width":1366,"height":768,"url":"https:\/\/organizacionentheos.com\/wp-content\/uploads\/2024\/07\/Post-Heridas-emocionales-primordiales.jpeg","type":"image\/jpeg"}],"author":"entheos","twitter_card":"summary_large_image","twitter_misc":{"Written by":"entheos","Est. reading time":"5 minutes"},"schema":{"@context":"https:\/\/schema.org","@graph":[{"@type":"Article","@id":"https:\/\/organizacionentheos.com\/heridas-emocionales-primordiales\/#article","isPartOf":{"@id":"https:\/\/organizacionentheos.com\/heridas-emocionales-primordiales\/"},"author":{"name":"entheos","@id":"https:\/\/organizacionentheos.com\/#\/schema\/person\/2eb0f753b0184ead4e7bf62aa925ccef"},"headline":"HERIDAS EMOCIONALES PRIMORDIALES","datePublished":"2024-07-23T00:16:10+00:00","dateModified":"2024-07-23T00:16:11+00:00","mainEntityOfPage":{"@id":"https:\/\/organizacionentheos.com\/heridas-emocionales-primordiales\/"},"wordCount":853,"commentCount":0,"publisher":{"@id":"https:\/\/organizacionentheos.com\/#organization"},"image":{"@id":"https:\/\/organizacionentheos.com\/heridas-emocionales-primordiales\/#primaryimage"},"thumbnailUrl":"https:\/\/organizacionentheos.com\/wp-content\/uploads\/2024\/07\/Post-Heridas-emocionales-primordiales.jpeg","keywords":["autoayuda","emocionales","heridas","primordiales","Retiros","sanacion"],"articleSection":["Reflexi\u00f3n","Investigaci\u00f3n"],"inLanguage":"en-US","potentialAction":[{"@type":"CommentAction","name":"Comment","target":["https:\/\/organizacionentheos.com\/heridas-emocionales-primordiales\/#respond"]}]},{"@type":"WebPage","@id":"https:\/\/organizacionentheos.com\/heridas-emocionales-primordiales\/","url":"https:\/\/organizacionentheos.com\/heridas-emocionales-primordiales\/","name":"HERIDAS EMOCIONALES PRIMORDIALES","isPartOf":{"@id":"https:\/\/organizacionentheos.com\/#website"},"primaryImageOfPage":{"@id":"https:\/\/organizacionentheos.com\/heridas-emocionales-primordiales\/#primaryimage"},"image":{"@id":"https:\/\/organizacionentheos.com\/heridas-emocionales-primordiales\/#primaryimage"},"thumbnailUrl":"https:\/\/organizacionentheos.com\/wp-content\/uploads\/2024\/07\/Post-Heridas-emocionales-primordiales.jpeg","datePublished":"2024-07-23T00:16:10+00:00","dateModified":"2024-07-23T00:16:11+00:00","description":"Las heridas emocionales primordiales son esas experiencias dolorosas que vivimos en la infancia y que nos marcan profundamente.","breadcrumb":{"@id":"https:\/\/organizacionentheos.com\/heridas-emocionales-primordiales\/#breadcrumb"},"inLanguage":"en-US","potentialAction":[{"@type":"ReadAction","target":["https:\/\/organizacionentheos.com\/heridas-emocionales-primordiales\/"]}]},{"@type":"ImageObject","inLanguage":"en-US","@id":"https:\/\/organizacionentheos.com\/heridas-emocionales-primordiales\/#primaryimage","url":"https:\/\/organizacionentheos.com\/wp-content\/uploads\/2024\/07\/Post-Heridas-emocionales-primordiales.jpeg","contentUrl":"https:\/\/organizacionentheos.com\/wp-content\/uploads\/2024\/07\/Post-Heridas-emocionales-primordiales.jpeg","width":1366,"height":768},{"@type":"BreadcrumbList","@id":"https:\/\/organizacionentheos.com\/heridas-emocionales-primordiales\/#breadcrumb","itemListElement":[{"@type":"ListItem","position":1,"name":"Portada","item":"https:\/\/organizacionentheos.com\/"},{"@type":"ListItem","position":2,"name":"HERIDAS EMOCIONALES PRIMORDIALES"}]},{"@type":"WebSite","@id":"https:\/\/organizacionentheos.com\/#website","url":"https:\/\/organizacionentheos.com\/","name":"Organizaci\u00f3n Entheos","description":"Hecho con amor para grandes personas","publisher":{"@id":"https:\/\/organizacionentheos.com\/#organization"},"potentialAction":[{"@type":"SearchAction","target":{"@type":"EntryPoint","urlTemplate":"https:\/\/organizacionentheos.com\/?s={search_term_string}"},"query-input":{"@type":"PropertyValueSpecification","valueRequired":true,"valueName":"search_term_string"}}],"inLanguage":"en-US"},{"@type":"Organization","@id":"https:\/\/organizacionentheos.com\/#organization","name":"Organizaci\u00f3n Entheos","url":"https:\/\/organizacionentheos.com\/","logo":{"@type":"ImageObject","inLanguage":"en-US","@id":"https:\/\/organizacionentheos.com\/#\/schema\/logo\/image\/","url":"https:\/\/organizacionentheos.com\/wp-content\/uploads\/2025\/11\/entheoslogo2025.jpg","contentUrl":"https:\/\/organizacionentheos.com\/wp-content\/uploads\/2025\/11\/entheoslogo2025.jpg","width":1600,"height":901,"caption":"Organizaci\u00f3n Entheos"},"image":{"@id":"https:\/\/organizacionentheos.com\/#\/schema\/logo\/image\/"},"sameAs":["https:\/\/www.facebook.com\/organizacionentheos\/","https:\/\/www.instagram.com\/entheos_org","https:\/\/www.tiktok.com\/entheos_org"]},{"@type":"Person","@id":"https:\/\/organizacionentheos.com\/#\/schema\/person\/2eb0f753b0184ead4e7bf62aa925ccef","name":"entheos","image":{"@type":"ImageObject","inLanguage":"en-US","@id":"https:\/\/organizacionentheos.com\/#\/schema\/person\/image\/","url":"https:\/\/secure.gravatar.com\/avatar\/c343bb4bda6c29248b3b0421bb53ba8bdffea1103b9cd2d9d97cc5a907f71700?s=96&d=mm&r=g","contentUrl":"https:\/\/secure.gravatar.com\/avatar\/c343bb4bda6c29248b3b0421bb53ba8bdffea1103b9cd2d9d97cc5a907f71700?s=96&d=mm&r=g","caption":"entheos"},"url":"https:\/\/organizacionentheos.com\/en\/author\/entheos\/"}]}},"_links":{"self":[{"href":"https:\/\/organizacionentheos.com\/en\/wp-json\/wp\/v2\/posts\/4897","targetHints":{"allow":["GET"]}}],"collection":[{"href":"https:\/\/organizacionentheos.com\/en\/wp-json\/wp\/v2\/posts"}],"about":[{"href":"https:\/\/organizacionentheos.com\/en\/wp-json\/wp\/v2\/types\/post"}],"author":[{"embeddable":true,"href":"https:\/\/organizacionentheos.com\/en\/wp-json\/wp\/v2\/users\/1"}],"replies":[{"embeddable":true,"href":"https:\/\/organizacionentheos.com\/en\/wp-json\/wp\/v2\/comments?post=4897"}],"version-history":[{"count":3,"href":"https:\/\/organizacionentheos.com\/en\/wp-json\/wp\/v2\/posts\/4897\/revisions"}],"predecessor-version":[{"id":4901,"href":"https:\/\/organizacionentheos.com\/en\/wp-json\/wp\/v2\/posts\/4897\/revisions\/4901"}],"wp:featuredmedia":[{"embeddable":true,"href":"https:\/\/organizacionentheos.com\/en\/wp-json\/wp\/v2\/media\/4898"}],"wp:attachment":[{"href":"https:\/\/organizacionentheos.com\/en\/wp-json\/wp\/v2\/media?parent=4897"}],"wp:term":[{"taxonomy":"category","embeddable":true,"href":"https:\/\/organizacionentheos.com\/en\/wp-json\/wp\/v2\/categories?post=4897"},{"taxonomy":"post_tag","embeddable":true,"href":"https:\/\/organizacionentheos.com\/en\/wp-json\/wp\/v2\/tags?post=4897"}],"curies":[{"name":"wp","href":"https:\/\/api.w.org\/{rel}","templated":true}]}}