{"id":4630,"date":"2023-08-28T22:30:22","date_gmt":"2023-08-28T22:30:22","guid":{"rendered":"https:\/\/www.organizacionentheos.com\/?p=4630"},"modified":"2023-09-11T21:42:57","modified_gmt":"2023-09-11T21:42:57","slug":"geometria-sagrada-en-la-meditacion","status":"publish","type":"post","link":"https:\/\/organizacionentheos.com\/en\/geometria-sagrada-en-la-meditacion\/","title":{"rendered":"Explorando la Geometr\u00eda Sagrada EN LA MEDITACION"},"content":{"rendered":"\n<p><strong>Explorando la Geometr\u00eda Sagrada: C\u00f3mo Aplicarla en la Meditaci\u00f3n para Profundizar tu Experiencia<\/strong><\/p>\n\n\n\n<p>La meditaci\u00f3n es una pr\u00e1ctica ancestral que busca el equilibrio, la claridad mental y la conexi\u00f3n espiritual. Una forma de enriquecer esta experiencia es incorporando la Geometr\u00eda Sagrada, una disciplina que explora las formas geom\u00e9tricas y sus significados profundos en diversas tradiciones espirituales y culturas antiguas. La combinaci\u00f3n de la meditaci\u00f3n y la Geometr\u00eda Sagrada puede llevar tu pr\u00e1ctica meditativa a un nivel superior, al brindarte una herramienta visual y conceptual para focalizar tu mente y profundizar tu conexi\u00f3n interna. En este art\u00edculo, exploraremos c\u00f3mo aplicar la Geometr\u00eda Sagrada en la meditaci\u00f3n para enriquecer tu viaje interior.<\/p>\n\n\n\n<figure class=\"wp-block-image size-large is-resized\"><img loading=\"lazy\" decoding=\"async\" src=\"https:\/\/www.organizacionentheos.com\/wp-content\/uploads\/2023\/08\/set-solidos-platonicos-geometria-sagrada-1024x769.jpeg\" alt=\"\" class=\"wp-image-4633\" style=\"width:562px;height:422px\" width=\"562\" height=\"422\" srcset=\"https:\/\/organizacionentheos.com\/wp-content\/uploads\/2023\/08\/set-solidos-platonicos-geometria-sagrada-1024x769.jpeg 1024w, https:\/\/organizacionentheos.com\/wp-content\/uploads\/2023\/08\/set-solidos-platonicos-geometria-sagrada-300x225.jpeg 300w, https:\/\/organizacionentheos.com\/wp-content\/uploads\/2023\/08\/set-solidos-platonicos-geometria-sagrada-1536x1153.jpeg 1536w, https:\/\/organizacionentheos.com\/wp-content\/uploads\/2023\/08\/set-solidos-platonicos-geometria-sagrada.jpeg 1600w\" sizes=\"auto, (max-width: 562px) 100vw, 562px\" \/><\/figure>\n\n\n\n<p><strong>\u00bfQu\u00e9 es la Geometr\u00eda Sagrada?<\/strong><\/p>\n\n\n\n<p>La Geometr\u00eda Sagrada es un concepto que se encuentra en las tradiciones espirituales de todo el mundo, desde la antigua Grecia hasta las civilizaciones precolombinas. Se basa en la idea de que ciertas formas geom\u00e9tricas tienen significados espirituales y energ\u00e9ticos profundos. Estas formas se consideran &#8220;sagradas&#8221; porque se cree que representan patrones fundamentales del universo y la creaci\u00f3n.<\/p>\n\n\n\n<p><strong>Preparaci\u00f3n para la Meditaci\u00f3n con Geometr\u00eda Sagrada:<\/strong><\/p>\n\n\n\n<figure class=\"wp-block-image size-full\"><img loading=\"lazy\" decoding=\"async\" width=\"878\" height=\"247\" src=\"https:\/\/www.organizacionentheos.com\/wp-content\/uploads\/2023\/08\/Solidos-platonicos.png\" alt=\"\" class=\"wp-image-4632\" srcset=\"https:\/\/organizacionentheos.com\/wp-content\/uploads\/2023\/08\/Solidos-platonicos.png 878w, https:\/\/organizacionentheos.com\/wp-content\/uploads\/2023\/08\/Solidos-platonicos-300x84.png 300w\" sizes=\"auto, (max-width: 878px) 100vw, 878px\" \/><\/figure>\n\n\n\n<ul class=\"wp-block-list\">\n<li><strong>Elecci\u00f3n de la forma:<\/strong> Investiga las diferentes formas geom\u00e9tricas sagradas y elige una que resuene contigo. Algunas formas comunes incluyen el cubo, el icosaedro, el tetraedro, Tetraedro estrella, el octaedro, el dodecaedro y la Esfera.<\/li>\n<\/ul>\n\n\n\n<ul class=\"wp-block-list\">\n<li><strong>Investigaci\u00f3n del significado:<\/strong> Cada forma geom\u00e9trica tiene significados \u00fanicos asociados con la espiritualidad y la conciencia. Comprender el significado detr\u00e1s de la forma que has elegido te ayudar\u00e1 a enfocar tu mente durante la meditaci\u00f3n.<\/li>\n<\/ul>\n\n\n\n<ul class=\"wp-block-list\">\n<li><strong>Espacio y postura:<\/strong> Crea un espacio tranquilo y c\u00f3modo para meditar. Aseg\u00farate de que est\u00e9s sentado en una posici\u00f3n que te permita mantener la columna recta y la mente alerta.<\/li>\n<\/ul>\n\n\n\n<p><strong>Pasos para Meditar con Geometr\u00eda Sagrada:<\/strong><\/p>\n\n\n\n<ul class=\"wp-block-list\">\n<li><strong>Visualizaci\u00f3n:<\/strong> Cierra los ojos y lleva tu atenci\u00f3n hacia adentro. Comienza a visualizar la forma geom\u00e9trica que has elegido. Imagina sus l\u00edneas, \u00e1ngulos y proporciones con la mayor claridad posible.<\/li>\n<\/ul>\n\n\n\n<ul class=\"wp-block-list\">\n<li><strong>Respiraci\u00f3n consciente:<\/strong> A medida que sigues visualizando la forma, empieza a sincronizar tu respiraci\u00f3n con sus l\u00edneas. Por ejemplo, si est\u00e1s meditando con un c\u00edrculo, inhala mientras sigues la l\u00ednea del c\u00edrculo y exhala cuando completes el ciclo.<\/li>\n<\/ul>\n\n\n\n<ul class=\"wp-block-list\">\n<li><strong>Inmersi\u00f3n en el significado:<\/strong> A medida que te familiarizas con la forma, conecta su significado con tu experiencia interna. Reflexiona sobre c\u00f3mo ese significado puede relacionarse con tu vida, tus metas espirituales o tus desaf\u00edos actuales.<\/li>\n<\/ul>\n\n\n\n<ul class=\"wp-block-list\">\n<li><strong>Profundizaci\u00f3n gradual:<\/strong> A medida que avanzas en tu meditaci\u00f3n, imagina que te adentras en la forma geom\u00e9trica. Visualiza que te sumerges en su estructura y te conectas con su energ\u00eda espiritual.<\/li>\n<\/ul>\n\n\n\n<ul class=\"wp-block-list\">\n<li><strong>Tiempo y enfoque:<\/strong> Dedica unos minutos a meditar con la forma geom\u00e9trica. Si tu mente se dispersa, vuelve suavemente a la forma y su significado.<\/li>\n<\/ul>\n\n\n\n<ul class=\"wp-block-list\">\n<li><strong>Cierre de la meditaci\u00f3n:<\/strong> Finaliza tu meditaci\u00f3n agradeciendo por la experiencia. Abre los ojos lentamente y toma un momento para reflexionar sobre c\u00f3mo te sientes despu\u00e9s de la pr\u00e1ctica.<\/li>\n<\/ul>\n\n\n\n<p>La Geometr\u00eda Sagrada puede a\u00f1adir una dimensi\u00f3n fascinante y significativa a tu pr\u00e1ctica meditativa. Al incorporar estas formas geom\u00e9tricas en tu meditaci\u00f3n, puedes explorar nuevos niveles de concentraci\u00f3n, conexi\u00f3n espiritual y autoconocimiento. Recuerda que la pr\u00e1ctica constante es clave para profundizar en esta t\u00e9cnica y aprovechar sus beneficios al m\u00e1ximo.<\/p>\n\n\n\n<p><strong>Integraci\u00f3n de la Geometr\u00eda Sagrada en tu Pr\u00e1ctica Meditativa Diaria:<\/strong><\/p>\n\n\n\n<p>Despu\u00e9s de haber experimentado la meditaci\u00f3n con Geometr\u00eda Sagrada, puedes considerar integrar esta t\u00e9cnica en tu rutina meditativa diaria. Aqu\u00ed hay algunos consejos para hacerlo de manera efectiva:<\/p>\n\n\n\n<ul class=\"wp-block-list\">\n<li><strong>Selecci\u00f3n de formas variadas:<\/strong> Explora diferentes formas geom\u00e9tricas a lo largo del tiempo. Cada forma tiene su propia energ\u00eda y significado, por lo que variar las formas puede brindarte diversas perspectivas y experiencias.<\/li>\n<\/ul>\n\n\n\n<ul class=\"wp-block-list\">\n<li><strong>Creaci\u00f3n visual:<\/strong> Si eres creativo, considera dibujar o pintar la forma geom\u00e9trica antes de meditar. Esta pr\u00e1ctica puede profundizar tu conexi\u00f3n con la forma y permitirte involucrarte en el proceso creativo.<\/li>\n<\/ul>\n\n\n\n<ul class=\"wp-block-list\">\n<li><strong>Mantras y afirmaciones:<\/strong> Combina la meditaci\u00f3n con Geometr\u00eda Sagrada con mantras o afirmaciones relacionadas con la forma que est\u00e1s utilizando. Esto puede amplificar la resonancia espiritual y emocional de tu pr\u00e1ctica.<\/li>\n<\/ul>\n\n\n\n<ul class=\"wp-block-list\">\n<li><strong>Llevar la forma contigo:<\/strong> Lleva una imagen de la forma geom\u00e9trica contigo en tu tel\u00e9fono o en forma impresa. Puedes mirarla durante momentos de pausa a lo largo del d\u00eda para reconectar con su energ\u00eda y significado.<\/li>\n<\/ul>\n\n\n\n<ul class=\"wp-block-list\">\n<li><strong>Diario de meditaci\u00f3n:<\/strong> Mant\u00e9n un diario donde registres tus experiencias durante las meditaciones con Geometr\u00eda Sagrada. Esto te ayudar\u00e1 a realizar un seguimiento de tu progreso, insights y observaciones personales.<\/li>\n<\/ul>\n\n\n\n<ul class=\"wp-block-list\">\n<li><strong>Exploraci\u00f3n intuitiva:<\/strong> A medida que avanzas en tu pr\u00e1ctica, si\u00e9ntete libre de explorar m\u00e1s all\u00e1 de los pasos descritos anteriormente. Permite que tu intuici\u00f3n te gu\u00ede y descubre nuevas formas de incorporar la Geometr\u00eda Sagrada en tu meditaci\u00f3n.<\/li>\n<\/ul>\n\n\n\n<p><strong>Beneficios Potenciales de la Meditaci\u00f3n con Geometr\u00eda Sagrada:<\/strong><\/p>\n\n\n\n<ul class=\"wp-block-list\">\n<li><strong>Mayor concentraci\u00f3n:<\/strong> Las formas geom\u00e9tricas pueden ser poderosas herramientas de enfoque visual. Integrarlas en tu meditaci\u00f3n puede ayudarte a entrenar tu mente para concentrarte de manera m\u00e1s profunda y sostenida.<\/li>\n\n\n\n<li><strong>Amplificaci\u00f3n de la experiencia espiritual:<\/strong> La Geometr\u00eda Sagrada se deriva de creencias espirituales profundas en muchas culturas. Al meditar con estas formas, puedes experimentar una mayor conexi\u00f3n con lo sagrado y lo trascendental.<\/li>\n\n\n\n<li><strong>Aumento de la creatividad:<\/strong> La combinaci\u00f3n de la meditaci\u00f3n y la Geometr\u00eda Sagrada puede desencadenar la creatividad al conectar con patrones y s\u00edmbolos universales que residen en tu mente subconsciente.<\/li>\n\n\n\n<li><strong>Autoconocimiento:<\/strong> Al explorar el significado de las formas geom\u00e9tricas y c\u00f3mo te relacionas con ellas, puedes ganar una comprensi\u00f3n m\u00e1s profunda de tus propias aspiraciones, desaf\u00edos y deseos internos.<\/li>\n<\/ul>\n\n\n\n<p>La meditaci\u00f3n con Geometr\u00eda Sagrada es una pr\u00e1ctica personalizada y flexible. A medida que te sumerjas en esta exploraci\u00f3n, recuerda que lo m\u00e1s importante es la autenticidad de tu experiencia y c\u00f3mo resuenas con las formas que elijas. Al fusionar la rica historia espiritual de la Geometr\u00eda Sagrada con la profunda pr\u00e1ctica de la meditaci\u00f3n, puedes abrir nuevas puertas hacia la expansi\u00f3n de tu conciencia y la conexi\u00f3n con lo divino.<\/p>\n\n\n\n<p><strong>Aplicaciones Avanzadas de la Geometr\u00eda Sagrada en la Meditaci\u00f3n:<\/strong><\/p>\n\n\n\n<p>Una vez que hayas integrado la Geometr\u00eda Sagrada en tus sesiones de meditaci\u00f3n b\u00e1sicas, puedes explorar aplicaciones m\u00e1s avanzadas para llevar tu pr\u00e1ctica a un nivel superior:<\/p>\n\n\n\n<p><strong>Conexiones entre formas:<\/strong> Experimenta combinando varias formas geom\u00e9tricas sagradas en una sola meditaci\u00f3n. Esto puede crear una sinergia de significados y energ\u00edas, permiti\u00e9ndote explorar conexiones m\u00e1s profundas en tu interior.<\/p>\n\n\n\n<p><strong>Chakras y Geometr\u00eda Sagrada:<\/strong> Asocia las formas geom\u00e9tricas con los chakras (centros de energ\u00eda en el cuerpo). Por ejemplo, el c\u00edrculo puede representar el chakra del coraz\u00f3n, y el tri\u00e1ngulo equil\u00e1tero puede conectarse con el chakra de la garganta. Medita en estas formas para activar y armonizar los chakras.<\/p>\n\n\n\n<p><strong>Mandalas de Geometr\u00eda Sagrada:<\/strong> Crea tus propios mandalas de Geometr\u00eda Sagrada para meditar. Dibuja o pinta las formas geom\u00e9tricas que te atraigan y col\u00f3calas en un mandala circular. Esta pr\u00e1ctica combina la meditaci\u00f3n con la creatividad y puede ser una experiencia profundamente transformadora.<\/p>\n\n\n\n<p><strong>Viaje Astral con Geometr\u00eda Sagrada:<\/strong> Utiliza la Geometr\u00eda Sagrada como un portal para la exploraci\u00f3n astral. Visualiza que entras en la forma geom\u00e9trica y dejas atr\u00e1s tu cuerpo f\u00edsico, permiti\u00e9ndote explorar diferentes dimensiones y estados de conciencia.<\/p>\n\n\n\n<p><strong>S\u00edmbolos y Mantras:<\/strong> Combina las formas geom\u00e9tricas con s\u00edmbolos espirituales y mantras. Esto puede potenciar la energ\u00eda de tu meditaci\u00f3n y ayudarte a canalizar intenciones espec\u00edficas.<\/p>\n\n\n\n<p><strong>Geometr\u00eda Sagrada en la Respiraci\u00f3n:<\/strong> Experimenta con patrones de respiraci\u00f3n que se alineen con las formas geom\u00e9tricas. Por ejemplo, puedes inhalar mientras visualizas una l\u00ednea ascendente y exhalar mientras visualizas una l\u00ednea descendente.<\/p>\n\n\n\n<p><strong>Meditaci\u00f3n en Grupo:<\/strong> Comparte la pr\u00e1ctica de la Geometr\u00eda Sagrada en sesiones de meditaci\u00f3n en grupo. Esto puede generar una energ\u00eda colectiva y una experiencia compartida que amplifiquen los efectos de la meditaci\u00f3n.<\/p>\n\n\n\n<p>La integraci\u00f3n de la Geometr\u00eda Sagrada en tu pr\u00e1ctica de meditaci\u00f3n puede abrir un mundo fascinante de exploraci\u00f3n espiritual y autoconocimiento. Estas formas geom\u00e9tricas no son meramente visuales, sino que encarnan significados profundos que resuenan en lo m\u00e1s profundo de nuestra conciencia. Al meditar con estas formas, te permites sumergirte en la esencia misma de la creaci\u00f3n y conectarte con aspectos esenciales de tu ser.<\/p>\n\n\n\n<p>Recuerda que, al igual que cualquier pr\u00e1ctica espiritual, la meditaci\u00f3n con Geometr\u00eda Sagrada requiere paciencia, dedicaci\u00f3n y una mente abierta. No existe un enfoque \u00fanico para todos; experimenta, adapta y explora lo que mejor funcione para ti. A medida que profundices en esta pr\u00e1ctica, es posible que descubras nuevas dimensiones de conexi\u00f3n interna y expansi\u00f3n de la conciencia, lo que te llevar\u00e1 a un camino de crecimiento espiritual y autorrealizaci\u00f3n.<\/p>\n\n\n\n<figure class=\"wp-block-embed is-type-wp-embed is-provider-organizacion-entheos wp-block-embed-organizacion-entheos\"><div class=\"wp-block-embed__wrapper\">\n<blockquote class=\"wp-embedded-content\" data-secret=\"JKOHEb73pq\"><a href=\"https:\/\/www.organizacionentheos.com\/proposito-del-alma-descubrimiento-trascendente\/\">CUAL ES NUESTRO PROP\u00d2SITO DEL ALMA?<\/a><\/blockquote><iframe loading=\"lazy\" class=\"wp-embedded-content\" sandbox=\"allow-scripts\" security=\"restricted\" style=\"position: absolute; clip: rect(1px, 1px, 1px, 1px);\" title=\"\u00abCUAL ES NUESTRO PROP\u00d2SITO DEL ALMA?\u00bb \u2014 Organizaci\u00f3n Entheos\" src=\"https:\/\/www.organizacionentheos.com\/proposito-del-alma-descubrimiento-trascendente\/embed\/#?secret=stHdnWLwl3#?secret=JKOHEb73pq\" data-secret=\"JKOHEb73pq\" width=\"600\" height=\"338\" frameborder=\"0\" marginwidth=\"0\" marginheight=\"0\" scrolling=\"no\"><\/iframe>\n<\/div><\/figure>\n\n\n\n<figure class=\"wp-block-embed is-type-wp-embed is-provider-euclides wp-block-embed-euclides\"><div class=\"wp-block-embed__wrapper\">\n<blockquote class=\"wp-embedded-content\" data-secret=\"FqSskL7BET\"><a href=\"https:\/\/euclides.org\/geometria-sagrada\/\">Geometr\u00eda sagrada<\/a><\/blockquote><iframe loading=\"lazy\" class=\"wp-embedded-content\" sandbox=\"allow-scripts\" security=\"restricted\" style=\"position: absolute; clip: rect(1px, 1px, 1px, 1px);\" title=\"\u00abGeometr\u00eda sagrada\u00bb \u2014 Euclides\" src=\"https:\/\/euclides.org\/geometria-sagrada\/embed\/#?secret=jgBt357KYP#?secret=FqSskL7BET\" data-secret=\"FqSskL7BET\" width=\"600\" height=\"338\" frameborder=\"0\" marginwidth=\"0\" marginheight=\"0\" scrolling=\"no\"><\/iframe>\n<\/div><\/figure>\n\n\n\n<figure class=\"wp-block-embed is-type-wp-embed is-provider-organizacion-entheos wp-block-embed-organizacion-entheos\"><div class=\"wp-block-embed__wrapper\">\n<blockquote class=\"wp-embedded-content\" data-secret=\"6C0SNkiP7H\"><a href=\"https:\/\/www.organizacionentheos.com\/tienda\/\">Tienda<\/a><\/blockquote><iframe loading=\"lazy\" class=\"wp-embedded-content\" sandbox=\"allow-scripts\" security=\"restricted\" style=\"position: absolute; clip: rect(1px, 1px, 1px, 1px);\" title=\"\u00abTienda\u00bb \u2014 Organizaci\u00f3n Entheos\" src=\"https:\/\/www.organizacionentheos.com\/tienda\/embed\/#?secret=X7OLdWXVQ0#?secret=6C0SNkiP7H\" data-secret=\"6C0SNkiP7H\" width=\"600\" height=\"338\" frameborder=\"0\" marginwidth=\"0\" marginheight=\"0\" scrolling=\"no\"><\/iframe>\n<\/div><\/figure>\n\n\n\n<p><strong>ORGANIZACION ENTHEOS SPA, web:  www.organizacionentheos.com, email: retiros@organizacionentheos.com, WhatsApp: +56 9 79876342<\/strong><\/p>\n\n\n\n<p><\/p>\n","protected":false},"excerpt":{"rendered":"<p>Explorando la Geometr\u00eda Sagrada: C\u00f3mo Aplicarla en la Meditaci\u00f3n para Profundizar tu Experiencia La meditaci\u00f3n es una pr\u00e1ctica ancestral que busca el equilibrio, la claridad mental y la conexi\u00f3n espiritual. Una forma de enriquecer esta experiencia es incorporando la Geometr\u00eda Sagrada, una disciplina que explora las formas geom\u00e9tricas y sus significados profundos en diversas tradiciones&#8230;<\/p>\n","protected":false},"author":1,"featured_media":4633,"comment_status":"open","ping_status":"open","sticky":false,"template":"","format":"standard","meta":{"_acf_changed":false,"_joinchat":[],"footnotes":""},"categories":[5],"tags":[],"class_list":["post-4630","post","type-post","status-publish","format-standard","has-post-thumbnail","hentry","category-investigacion"],"acf":[],"yoast_head":"<!-- This site is optimized with the Yoast SEO plugin v26.5 - https:\/\/yoast.com\/wordpress\/plugins\/seo\/ -->\n<title>Explorando la Geometr\u00eda Sagrada EN LA MEDITACION<\/title>\n<meta name=\"description\" content=\"Explorando la Geometr\u00eda Sagrada: C\u00f3mo integrar y Aplicarla en la Meditaci\u00f3n para Profundizar tu Experiencia y lograr beneficios potenciales.\" \/>\n<meta name=\"robots\" content=\"index, follow, max-snippet:-1, max-image-preview:large, max-video-preview:-1\" \/>\n<link rel=\"canonical\" href=\"https:\/\/organizacionentheos.com\/en\/geometria-sagrada-en-la-meditacion\/\" \/>\n<meta property=\"og:locale\" content=\"en_US\" \/>\n<meta property=\"og:locale:alternate\" content=\"es_ES\" \/>\n<meta property=\"og:type\" content=\"article\" \/>\n<meta property=\"og:title\" content=\"Explorando la Geometr\u00eda Sagrada EN LA MEDITACION\" \/>\n<meta property=\"og:description\" content=\"Explorando la Geometr\u00eda Sagrada: C\u00f3mo integrar y Aplicarla en la Meditaci\u00f3n para Profundizar tu Experiencia y lograr beneficios potenciales.\" \/>\n<meta property=\"og:url\" content=\"https:\/\/organizacionentheos.com\/en\/geometria-sagrada-en-la-meditacion\/\" \/>\n<meta property=\"og:site_name\" content=\"Organizaci\u00f3n Entheos\" \/>\n<meta property=\"article:publisher\" content=\"https:\/\/www.facebook.com\/organizacionentheos\/\" \/>\n<meta property=\"article:published_time\" content=\"2023-08-28T22:30:22+00:00\" \/>\n<meta property=\"article:modified_time\" content=\"2023-09-11T21:42:57+00:00\" \/>\n<meta property=\"og:image\" content=\"https:\/\/organizacionentheos.com\/wp-content\/uploads\/2023\/08\/set-solidos-platonicos-geometria-sagrada.jpeg\" \/>\n\t<meta property=\"og:image:width\" content=\"1600\" \/>\n\t<meta property=\"og:image:height\" content=\"1201\" \/>\n\t<meta property=\"og:image:type\" content=\"image\/jpeg\" \/>\n<meta name=\"author\" content=\"entheos\" \/>\n<meta name=\"twitter:card\" content=\"summary_large_image\" \/>\n<meta name=\"twitter:label1\" content=\"Written by\" \/>\n\t<meta name=\"twitter:data1\" content=\"entheos\" \/>\n\t<meta name=\"twitter:label2\" content=\"Est. reading time\" \/>\n\t<meta name=\"twitter:data2\" content=\"7 minutes\" \/>\n<script type=\"application\/ld+json\" class=\"yoast-schema-graph\">{\"@context\":\"https:\/\/schema.org\",\"@graph\":[{\"@type\":\"Article\",\"@id\":\"https:\/\/organizacionentheos.com\/geometria-sagrada-en-la-meditacion\/#article\",\"isPartOf\":{\"@id\":\"https:\/\/organizacionentheos.com\/geometria-sagrada-en-la-meditacion\/\"},\"author\":{\"name\":\"entheos\",\"@id\":\"https:\/\/organizacionentheos.com\/#\/schema\/person\/2eb0f753b0184ead4e7bf62aa925ccef\"},\"headline\":\"Explorando la Geometr\u00eda Sagrada EN LA MEDITACION\",\"datePublished\":\"2023-08-28T22:30:22+00:00\",\"dateModified\":\"2023-09-11T21:42:57+00:00\",\"mainEntityOfPage\":{\"@id\":\"https:\/\/organizacionentheos.com\/geometria-sagrada-en-la-meditacion\/\"},\"wordCount\":1621,\"commentCount\":0,\"publisher\":{\"@id\":\"https:\/\/organizacionentheos.com\/#organization\"},\"image\":{\"@id\":\"https:\/\/organizacionentheos.com\/geometria-sagrada-en-la-meditacion\/#primaryimage\"},\"thumbnailUrl\":\"https:\/\/organizacionentheos.com\/wp-content\/uploads\/2023\/08\/set-solidos-platonicos-geometria-sagrada.jpeg\",\"articleSection\":[\"Investigaci\u00f3n\"],\"inLanguage\":\"en-US\",\"potentialAction\":[{\"@type\":\"CommentAction\",\"name\":\"Comment\",\"target\":[\"https:\/\/organizacionentheos.com\/geometria-sagrada-en-la-meditacion\/#respond\"]}]},{\"@type\":\"WebPage\",\"@id\":\"https:\/\/organizacionentheos.com\/geometria-sagrada-en-la-meditacion\/\",\"url\":\"https:\/\/organizacionentheos.com\/geometria-sagrada-en-la-meditacion\/\",\"name\":\"Explorando la Geometr\u00eda Sagrada EN LA MEDITACION\",\"isPartOf\":{\"@id\":\"https:\/\/organizacionentheos.com\/#website\"},\"primaryImageOfPage\":{\"@id\":\"https:\/\/organizacionentheos.com\/geometria-sagrada-en-la-meditacion\/#primaryimage\"},\"image\":{\"@id\":\"https:\/\/organizacionentheos.com\/geometria-sagrada-en-la-meditacion\/#primaryimage\"},\"thumbnailUrl\":\"https:\/\/organizacionentheos.com\/wp-content\/uploads\/2023\/08\/set-solidos-platonicos-geometria-sagrada.jpeg\",\"datePublished\":\"2023-08-28T22:30:22+00:00\",\"dateModified\":\"2023-09-11T21:42:57+00:00\",\"description\":\"Explorando la Geometr\u00eda Sagrada: C\u00f3mo integrar y Aplicarla en la Meditaci\u00f3n para Profundizar tu Experiencia y lograr beneficios potenciales.\",\"breadcrumb\":{\"@id\":\"https:\/\/organizacionentheos.com\/geometria-sagrada-en-la-meditacion\/#breadcrumb\"},\"inLanguage\":\"en-US\",\"potentialAction\":[{\"@type\":\"ReadAction\",\"target\":[\"https:\/\/organizacionentheos.com\/geometria-sagrada-en-la-meditacion\/\"]}]},{\"@type\":\"ImageObject\",\"inLanguage\":\"en-US\",\"@id\":\"https:\/\/organizacionentheos.com\/geometria-sagrada-en-la-meditacion\/#primaryimage\",\"url\":\"https:\/\/organizacionentheos.com\/wp-content\/uploads\/2023\/08\/set-solidos-platonicos-geometria-sagrada.jpeg\",\"contentUrl\":\"https:\/\/organizacionentheos.com\/wp-content\/uploads\/2023\/08\/set-solidos-platonicos-geometria-sagrada.jpeg\",\"width\":1600,\"height\":1201},{\"@type\":\"BreadcrumbList\",\"@id\":\"https:\/\/organizacionentheos.com\/geometria-sagrada-en-la-meditacion\/#breadcrumb\",\"itemListElement\":[{\"@type\":\"ListItem\",\"position\":1,\"name\":\"Portada\",\"item\":\"https:\/\/organizacionentheos.com\/\"},{\"@type\":\"ListItem\",\"position\":2,\"name\":\"Explorando la Geometr\u00eda Sagrada EN LA MEDITACION\"}]},{\"@type\":\"WebSite\",\"@id\":\"https:\/\/organizacionentheos.com\/#website\",\"url\":\"https:\/\/organizacionentheos.com\/\",\"name\":\"Organizaci\u00f3n Entheos\",\"description\":\"Hecho con amor para grandes personas\",\"publisher\":{\"@id\":\"https:\/\/organizacionentheos.com\/#organization\"},\"potentialAction\":[{\"@type\":\"SearchAction\",\"target\":{\"@type\":\"EntryPoint\",\"urlTemplate\":\"https:\/\/organizacionentheos.com\/?s={search_term_string}\"},\"query-input\":{\"@type\":\"PropertyValueSpecification\",\"valueRequired\":true,\"valueName\":\"search_term_string\"}}],\"inLanguage\":\"en-US\"},{\"@type\":\"Organization\",\"@id\":\"https:\/\/organizacionentheos.com\/#organization\",\"name\":\"Organizaci\u00f3n Entheos\",\"url\":\"https:\/\/organizacionentheos.com\/\",\"logo\":{\"@type\":\"ImageObject\",\"inLanguage\":\"en-US\",\"@id\":\"https:\/\/organizacionentheos.com\/#\/schema\/logo\/image\/\",\"url\":\"https:\/\/organizacionentheos.com\/wp-content\/uploads\/2025\/11\/entheoslogo2025.jpg\",\"contentUrl\":\"https:\/\/organizacionentheos.com\/wp-content\/uploads\/2025\/11\/entheoslogo2025.jpg\",\"width\":1600,\"height\":901,\"caption\":\"Organizaci\u00f3n Entheos\"},\"image\":{\"@id\":\"https:\/\/organizacionentheos.com\/#\/schema\/logo\/image\/\"},\"sameAs\":[\"https:\/\/www.facebook.com\/organizacionentheos\/\",\"https:\/\/www.instagram.com\/entheos_org\",\"https:\/\/www.tiktok.com\/entheos_org\"]},{\"@type\":\"Person\",\"@id\":\"https:\/\/organizacionentheos.com\/#\/schema\/person\/2eb0f753b0184ead4e7bf62aa925ccef\",\"name\":\"entheos\",\"image\":{\"@type\":\"ImageObject\",\"inLanguage\":\"en-US\",\"@id\":\"https:\/\/organizacionentheos.com\/#\/schema\/person\/image\/\",\"url\":\"https:\/\/secure.gravatar.com\/avatar\/c343bb4bda6c29248b3b0421bb53ba8bdffea1103b9cd2d9d97cc5a907f71700?s=96&d=mm&r=g\",\"contentUrl\":\"https:\/\/secure.gravatar.com\/avatar\/c343bb4bda6c29248b3b0421bb53ba8bdffea1103b9cd2d9d97cc5a907f71700?s=96&d=mm&r=g\",\"caption\":\"entheos\"},\"url\":\"https:\/\/organizacionentheos.com\/en\/author\/entheos\/\"}]}<\/script>\n<!-- \/ Yoast SEO plugin. -->","yoast_head_json":{"title":"Explorando la Geometr\u00eda Sagrada EN LA MEDITACION","description":"Explorando la Geometr\u00eda Sagrada: C\u00f3mo integrar y Aplicarla en la Meditaci\u00f3n para Profundizar tu Experiencia y lograr beneficios potenciales.","robots":{"index":"index","follow":"follow","max-snippet":"max-snippet:-1","max-image-preview":"max-image-preview:large","max-video-preview":"max-video-preview:-1"},"canonical":"https:\/\/organizacionentheos.com\/en\/geometria-sagrada-en-la-meditacion\/","og_locale":"en_US","og_type":"article","og_title":"[:es]Explorando la Geometr\u00eda Sagrada EN LA MEDITACION[:] - Organizaci\u00f3n Entheos","og_description":"Explorando la Geometr\u00eda Sagrada: C\u00f3mo integrar y Aplicarla en la Meditaci\u00f3n para Profundizar tu Experiencia y lograr beneficios potenciales.","og_url":"https:\/\/organizacionentheos.com\/en\/geometria-sagrada-en-la-meditacion\/","og_site_name":"Organizaci\u00f3n Entheos","article_publisher":"https:\/\/www.facebook.com\/organizacionentheos\/","article_published_time":"2023-08-28T22:30:22+00:00","article_modified_time":"2023-09-11T21:42:57+00:00","og_image":[{"width":1600,"height":1201,"url":"https:\/\/organizacionentheos.com\/wp-content\/uploads\/2023\/08\/set-solidos-platonicos-geometria-sagrada.jpeg","type":"image\/jpeg"}],"author":"entheos","twitter_card":"summary_large_image","twitter_misc":{"Written by":"entheos","Est. reading time":"7 minutes"},"schema":{"@context":"https:\/\/schema.org","@graph":[{"@type":"Article","@id":"https:\/\/organizacionentheos.com\/geometria-sagrada-en-la-meditacion\/#article","isPartOf":{"@id":"https:\/\/organizacionentheos.com\/geometria-sagrada-en-la-meditacion\/"},"author":{"name":"entheos","@id":"https:\/\/organizacionentheos.com\/#\/schema\/person\/2eb0f753b0184ead4e7bf62aa925ccef"},"headline":"Explorando la Geometr\u00eda Sagrada EN LA MEDITACION","datePublished":"2023-08-28T22:30:22+00:00","dateModified":"2023-09-11T21:42:57+00:00","mainEntityOfPage":{"@id":"https:\/\/organizacionentheos.com\/geometria-sagrada-en-la-meditacion\/"},"wordCount":1621,"commentCount":0,"publisher":{"@id":"https:\/\/organizacionentheos.com\/#organization"},"image":{"@id":"https:\/\/organizacionentheos.com\/geometria-sagrada-en-la-meditacion\/#primaryimage"},"thumbnailUrl":"https:\/\/organizacionentheos.com\/wp-content\/uploads\/2023\/08\/set-solidos-platonicos-geometria-sagrada.jpeg","articleSection":["Investigaci\u00f3n"],"inLanguage":"en-US","potentialAction":[{"@type":"CommentAction","name":"Comment","target":["https:\/\/organizacionentheos.com\/geometria-sagrada-en-la-meditacion\/#respond"]}]},{"@type":"WebPage","@id":"https:\/\/organizacionentheos.com\/geometria-sagrada-en-la-meditacion\/","url":"https:\/\/organizacionentheos.com\/geometria-sagrada-en-la-meditacion\/","name":"Explorando la Geometr\u00eda Sagrada EN LA MEDITACION","isPartOf":{"@id":"https:\/\/organizacionentheos.com\/#website"},"primaryImageOfPage":{"@id":"https:\/\/organizacionentheos.com\/geometria-sagrada-en-la-meditacion\/#primaryimage"},"image":{"@id":"https:\/\/organizacionentheos.com\/geometria-sagrada-en-la-meditacion\/#primaryimage"},"thumbnailUrl":"https:\/\/organizacionentheos.com\/wp-content\/uploads\/2023\/08\/set-solidos-platonicos-geometria-sagrada.jpeg","datePublished":"2023-08-28T22:30:22+00:00","dateModified":"2023-09-11T21:42:57+00:00","description":"Explorando la Geometr\u00eda Sagrada: C\u00f3mo integrar y Aplicarla en la Meditaci\u00f3n para Profundizar tu Experiencia y lograr beneficios potenciales.","breadcrumb":{"@id":"https:\/\/organizacionentheos.com\/geometria-sagrada-en-la-meditacion\/#breadcrumb"},"inLanguage":"en-US","potentialAction":[{"@type":"ReadAction","target":["https:\/\/organizacionentheos.com\/geometria-sagrada-en-la-meditacion\/"]}]},{"@type":"ImageObject","inLanguage":"en-US","@id":"https:\/\/organizacionentheos.com\/geometria-sagrada-en-la-meditacion\/#primaryimage","url":"https:\/\/organizacionentheos.com\/wp-content\/uploads\/2023\/08\/set-solidos-platonicos-geometria-sagrada.jpeg","contentUrl":"https:\/\/organizacionentheos.com\/wp-content\/uploads\/2023\/08\/set-solidos-platonicos-geometria-sagrada.jpeg","width":1600,"height":1201},{"@type":"BreadcrumbList","@id":"https:\/\/organizacionentheos.com\/geometria-sagrada-en-la-meditacion\/#breadcrumb","itemListElement":[{"@type":"ListItem","position":1,"name":"Portada","item":"https:\/\/organizacionentheos.com\/"},{"@type":"ListItem","position":2,"name":"Explorando la Geometr\u00eda Sagrada EN LA MEDITACION"}]},{"@type":"WebSite","@id":"https:\/\/organizacionentheos.com\/#website","url":"https:\/\/organizacionentheos.com\/","name":"Organizaci\u00f3n Entheos","description":"Hecho con amor para grandes personas","publisher":{"@id":"https:\/\/organizacionentheos.com\/#organization"},"potentialAction":[{"@type":"SearchAction","target":{"@type":"EntryPoint","urlTemplate":"https:\/\/organizacionentheos.com\/?s={search_term_string}"},"query-input":{"@type":"PropertyValueSpecification","valueRequired":true,"valueName":"search_term_string"}}],"inLanguage":"en-US"},{"@type":"Organization","@id":"https:\/\/organizacionentheos.com\/#organization","name":"Organizaci\u00f3n Entheos","url":"https:\/\/organizacionentheos.com\/","logo":{"@type":"ImageObject","inLanguage":"en-US","@id":"https:\/\/organizacionentheos.com\/#\/schema\/logo\/image\/","url":"https:\/\/organizacionentheos.com\/wp-content\/uploads\/2025\/11\/entheoslogo2025.jpg","contentUrl":"https:\/\/organizacionentheos.com\/wp-content\/uploads\/2025\/11\/entheoslogo2025.jpg","width":1600,"height":901,"caption":"Organizaci\u00f3n Entheos"},"image":{"@id":"https:\/\/organizacionentheos.com\/#\/schema\/logo\/image\/"},"sameAs":["https:\/\/www.facebook.com\/organizacionentheos\/","https:\/\/www.instagram.com\/entheos_org","https:\/\/www.tiktok.com\/entheos_org"]},{"@type":"Person","@id":"https:\/\/organizacionentheos.com\/#\/schema\/person\/2eb0f753b0184ead4e7bf62aa925ccef","name":"entheos","image":{"@type":"ImageObject","inLanguage":"en-US","@id":"https:\/\/organizacionentheos.com\/#\/schema\/person\/image\/","url":"https:\/\/secure.gravatar.com\/avatar\/c343bb4bda6c29248b3b0421bb53ba8bdffea1103b9cd2d9d97cc5a907f71700?s=96&d=mm&r=g","contentUrl":"https:\/\/secure.gravatar.com\/avatar\/c343bb4bda6c29248b3b0421bb53ba8bdffea1103b9cd2d9d97cc5a907f71700?s=96&d=mm&r=g","caption":"entheos"},"url":"https:\/\/organizacionentheos.com\/en\/author\/entheos\/"}]}},"_links":{"self":[{"href":"https:\/\/organizacionentheos.com\/en\/wp-json\/wp\/v2\/posts\/4630","targetHints":{"allow":["GET"]}}],"collection":[{"href":"https:\/\/organizacionentheos.com\/en\/wp-json\/wp\/v2\/posts"}],"about":[{"href":"https:\/\/organizacionentheos.com\/en\/wp-json\/wp\/v2\/types\/post"}],"author":[{"embeddable":true,"href":"https:\/\/organizacionentheos.com\/en\/wp-json\/wp\/v2\/users\/1"}],"replies":[{"embeddable":true,"href":"https:\/\/organizacionentheos.com\/en\/wp-json\/wp\/v2\/comments?post=4630"}],"version-history":[{"count":7,"href":"https:\/\/organizacionentheos.com\/en\/wp-json\/wp\/v2\/posts\/4630\/revisions"}],"predecessor-version":[{"id":4699,"href":"https:\/\/organizacionentheos.com\/en\/wp-json\/wp\/v2\/posts\/4630\/revisions\/4699"}],"wp:featuredmedia":[{"embeddable":true,"href":"https:\/\/organizacionentheos.com\/en\/wp-json\/wp\/v2\/media\/4633"}],"wp:attachment":[{"href":"https:\/\/organizacionentheos.com\/en\/wp-json\/wp\/v2\/media?parent=4630"}],"wp:term":[{"taxonomy":"category","embeddable":true,"href":"https:\/\/organizacionentheos.com\/en\/wp-json\/wp\/v2\/categories?post=4630"},{"taxonomy":"post_tag","embeddable":true,"href":"https:\/\/organizacionentheos.com\/en\/wp-json\/wp\/v2\/tags?post=4630"}],"curies":[{"name":"wp","href":"https:\/\/api.w.org\/{rel}","templated":true}]}}