{"id":4466,"date":"2023-06-28T02:18:05","date_gmt":"2023-06-28T02:18:05","guid":{"rendered":"https:\/\/www.organizacionentheos.com\/?p=4466"},"modified":"2023-06-28T03:33:32","modified_gmt":"2023-06-28T03:33:32","slug":"retiros-de-evolucion-interior","status":"publish","type":"post","link":"https:\/\/organizacionentheos.com\/en\/retiros-de-evolucion-interior\/","title":{"rendered":"RETIROS DE EVOLUCION INTERIOR Y EXPANSION DE CONSCIENCIA."},"content":{"rendered":"\n<figure class=\"wp-block-image size-large is-resized\"><img loading=\"lazy\" decoding=\"async\" src=\"https:\/\/www.organizacionentheos.com\/wp-content\/uploads\/2023\/06\/WhatsApp-Image-2023-06-27-at-21.46.31-1024x1024.jpeg\" alt=\"\" class=\"wp-image-4473\" width=\"437\" height=\"437\"\/><figcaption>Retiros de Evoluci\u00f3n Interior<\/figcaption><\/figure>\n\n\n\n<p><strong>ES HORA DE DESPERTAR!<\/strong><\/p>\n\n\n\n<p><strong>Bienvenidos todos al Retiro de Evoluci\u00f3n Interior y Expansi\u00f3n de Consciencia con terapias ancestrales. Un espacio sagrado dise\u00f1ado para acompa\u00f1ar tu viaje hacia una mayor comprensi\u00f3n de ti mismo y de la vasta dimensi\u00f3n de tu propia consciencia. Durante este retiro transformador, te embarcar\u00e1s en un viaje introspectivo que te permitir\u00e1 explorar las profundidades de tu ser y expandir tus horizontes de consciencia. A trav\u00e9s de una combinaci\u00f3n cuidadosa de ente\u00f3genos, pr\u00e1cticas espirituales, meditaci\u00f3n, t\u00e9cnicas de respiraci\u00f3n consciente y ense\u00f1anzas inspiradoras, te invitamos a sumergirte en un espacio de autodescubrimiento y crecimiento personal.<\/strong> <\/p>\n\n\n\n<p><strong>Los Facilitadores<\/strong><\/p>\n\n\n\n<p><strong>Nuestro equipo de facilitadores altamente experimentados y apasionados te acompa\u00f1ar\u00e1 a lo largo de este proceso, brind\u00e1ndote un apoyo amoroso y una gu\u00eda experta en cada etapa del camino. A trav\u00e9s de las sesiones de Ayahuasca, Bufo Alvarius, Yopo y Kambo y actividades grupales, te proporcionaremos las herramientas necesarias para liberar bloqueos emocionales, desafiar creencias limitantes y acceder a un mayor nivel de claridad mental y emocional. <\/strong><\/p>\n\n\n\n<p><strong>El entorno<\/strong><\/p>\n\n\n\n<p><strong>Durante el retiro, tendr\u00e1s la oportunidad de sumergirte en la belleza de la naturaleza circundante, creando un entorno propicio para la introspecci\u00f3n y la sanaci\u00f3n. Adem\u00e1s, te beneficiar\u00e1s de una dieta saludable y nutritiva dise\u00f1ada espec\u00edficamente para respaldar tu bienestar f\u00edsico y mental. <\/strong><\/p>\n\n\n\n<p><strong>La experiencia<\/strong><\/p>\n\n\n\n<p><strong>A medida que avances en tu viaje de evoluci\u00f3n interior, podr\u00e1s experimentar una mayor conexi\u00f3n con tu intuici\u00f3n, descubrir tu prop\u00f3sito de vida y liberar tu potencial m\u00e1s elevado. Aprender\u00e1s a cultivar la atenci\u00f3n plena y a vivir en el presente, nutriendo as\u00ed una profunda conexi\u00f3n con tu ser aut\u00e9ntico y el tejido de la existencia misma.<\/strong><\/p>\n\n\n\n<p><strong>La invitaci\u00f3n<\/strong><\/p>\n\n\n\n<p><strong>Este retiro es una invitaci\u00f3n para aquellos que buscan un cambio significativo en sus vidas, que desean abrazar la expansi\u00f3n de su consciencia y alcanzar nuevos niveles de realizaci\u00f3n personal. No importa en qu\u00e9 punto de tu viaje te encuentres, este retiro te brindar\u00e1 las herramientas y el apoyo necesarios para avanzar hacia una vida m\u00e1s plena, aut\u00e9ntica y consciente.<\/strong><\/p>\n\n\n\n<p><strong>\u00danete a nosotros en el Retiro de Evoluci\u00f3n Interior y Expansi\u00f3n de Consciencia con terapias ancestrales, y descubre la magnificencia de tu ser mientras te sumerges en la belleza de la transformaci\u00f3n personal y la conexi\u00f3n universal. \u00a1Te esperamos con los brazos abiertos!<\/strong><\/p>\n\n\n\n<figure class=\"wp-block-embed-wordpress wp-block-embed is-type-wp-embed is-provider-organizacion-entheos\"><div class=\"wp-block-embed__wrapper\">\n<blockquote class=\"wp-embedded-content\" data-secret=\"CxwO6bj74y\"><a href=\"https:\/\/www.organizacionentheos.com\/que-es-entheos\/\">\u00bfQU\u00c9 ES ENTHEOS?<\/a><\/blockquote><iframe loading=\"lazy\" class=\"wp-embedded-content\" sandbox=\"allow-scripts\" security=\"restricted\" style=\"position: absolute; clip: rect(1px, 1px, 1px, 1px);\" title=\"&#171;\u00bfQU\u00c9 ES ENTHEOS?&#187; &#8212; Organizaci\u00f3n Entheos\" src=\"https:\/\/www.organizacionentheos.com\/que-es-entheos\/embed\/#?secret=CxwO6bj74y\" data-secret=\"CxwO6bj74y\" width=\"600\" height=\"338\" frameborder=\"0\" marginwidth=\"0\" marginheight=\"0\" scrolling=\"no\"><\/iframe>\n<\/div><figcaption>Organizaci\u00f3n Entheos.  Retiros de Evoluci\u00f3n Interior <\/figcaption><\/figure>\n\n\n\n<p>Informaci\u00f3n y Reservas de pr\u00f3ximas fechas: whatsap:  +569 7987 6342, email: retiros@organizacionentheos.com, pagina web: <a rel=\"noreferrer noopener\" href=\"https:\/\/l.facebook.com\/l.php?u=http%3A%2F%2Fwww.organizacionentheos.com%2F%3Ffbclid%3DIwAR0W29HyRy4gC0XQC64h6cgppKfaYjtlhs45MMZ51YM5BxSQqiFeJAiLvag&#038;h=AT2VGT-M2EQqJxr-DeP--MBRAQcAGq1zcOIqjwWGZSx1CUX0rsXZepCxDBQOxxq4jr4I2w91yvlb7npgpKunv_VfcRYs2fnNAC1OCCMs-eFDB-0LZJWaUvTRM5nydT8jOw&#038;__tn__=-UK-y-R&#038;c[0]=AT2D1OU3yD91XAiVdYO3KOhSVU5JDdzoBNU7mgKc3Sd8X0o1Jvul2WzVqeMwFwcILTZ4Z5QB21FhHLB2MlsB72CD-U6KBJTZwxXuApk4YfhONzfpR6I3scvM0H5J-t2ZE-ouFjwmHBtsUGjJ6PD0tGmlwcixNrrZxJK-TLENH-uYgiTbsfsiYSYMApc1nwdNQoRLqX96XA3A9oPsrQDLLkQn0MambR-N1wBa\" target=\"_blank\">www.organizacionentheos.com<\/a><a href=\"https:\/\/web.facebook.com\/hashtag\/retirosmeditacion?__eep__=6&#038;__cft__[0]=AZUmGK_1fMcM7hW1hx-_U8EzNN4o03wSes3vCT7rwRgcrUQyuMeJtr9dlGHpIHQhS9IGHQDyT0YZpAmAn-NC3eS4JRy5Gp4eSeG6erb77HQjiZdCeNTL-DL6KAJUFY2sXKIvcRnb2PMKLktSc6ffMILVyJxCL2q9J1SBFZccfzLr1iPkVcqvMP4IhGAnh0-a4CVoADoDcRiw5MIr7Y_RaWt5&#038;__tn__=*NK-y-R\">#retirosmeditacion<\/a><a href=\"https:\/\/web.facebook.com\/hashtag\/crecimientopersonalchile?__eep__=6&#038;__cft__[0]=AZUmGK_1fMcM7hW1hx-_U8EzNN4o03wSes3vCT7rwRgcrUQyuMeJtr9dlGHpIHQhS9IGHQDyT0YZpAmAn-NC3eS4JRy5Gp4eSeG6erb77HQjiZdCeNTL-DL6KAJUFY2sXKIvcRnb2PMKLktSc6ffMILVyJxCL2q9J1SBFZccfzLr1iPkVcqvMP4IhGAnh0-a4CVoADoDcRiw5MIr7Y_RaWt5&#038;__tn__=*NK-y-R\">#crecimientopersonalchile<\/a><a href=\"https:\/\/web.facebook.com\/hashtag\/bufoalvariuschile?__eep__=6&#038;__cft__[0]=AZUmGK_1fMcM7hW1hx-_U8EzNN4o03wSes3vCT7rwRgcrUQyuMeJtr9dlGHpIHQhS9IGHQDyT0YZpAmAn-NC3eS4JRy5Gp4eSeG6erb77HQjiZdCeNTL-DL6KAJUFY2sXKIvcRnb2PMKLktSc6ffMILVyJxCL2q9J1SBFZccfzLr1iPkVcqvMP4IhGAnh0-a4CVoADoDcRiw5MIr7Y_RaWt5&#038;__tn__=*NK-y-R\">#bufoalvariuschile<\/a><a href=\"https:\/\/web.facebook.com\/hashtag\/despertardaconsciencia?__eep__=6&#038;__cft__[0]=AZUmGK_1fMcM7hW1hx-_U8EzNN4o03wSes3vCT7rwRgcrUQyuMeJtr9dlGHpIHQhS9IGHQDyT0YZpAmAn-NC3eS4JRy5Gp4eSeG6erb77HQjiZdCeNTL-DL6KAJUFY2sXKIvcRnb2PMKLktSc6ffMILVyJxCL2q9J1SBFZccfzLr1iPkVcqvMP4IhGAnh0-a4CVoADoDcRiw5MIr7Y_RaWt5&#038;__tn__=*NK-y-R\">#despertardaconsciencia<\/a><a href=\"https:\/\/web.facebook.com\/hashtag\/sanarheridasemocionales?__eep__=6&#038;__cft__[0]=AZUmGK_1fMcM7hW1hx-_U8EzNN4o03wSes3vCT7rwRgcrUQyuMeJtr9dlGHpIHQhS9IGHQDyT0YZpAmAn-NC3eS4JRy5Gp4eSeG6erb77HQjiZdCeNTL-DL6KAJUFY2sXKIvcRnb2PMKLktSc6ffMILVyJxCL2q9J1SBFZccfzLr1iPkVcqvMP4IhGAnh0-a4CVoADoDcRiw5MIr7Y_RaWt5&#038;__tn__=*NK-y-R\">#sanarheridasemocionales<\/a><a href=\"https:\/\/web.facebook.com\/hashtag\/despertardeconsciencia?__eep__=6&#038;__cft__[0]=AZUmGK_1fMcM7hW1hx-_U8EzNN4o03wSes3vCT7rwRgcrUQyuMeJtr9dlGHpIHQhS9IGHQDyT0YZpAmAn-NC3eS4JRy5Gp4eSeG6erb77HQjiZdCeNTL-DL6KAJUFY2sXKIvcRnb2PMKLktSc6ffMILVyJxCL2q9J1SBFZccfzLr1iPkVcqvMP4IhGAnh0-a4CVoADoDcRiw5MIr7Y_RaWt5&#038;__tn__=*NK-y-R\">#despertardeconsciencia<\/a><\/p>\n\n\n\n<p><a href=\"https:\/\/web.facebook.com\/hashtag\/expansi%C3%B3ndeconciencia?__eep__=6&#038;__cft__[0]=AZUmGK_1fMcM7hW1hx-_U8EzNN4o03wSes3vCT7rwRgcrUQyuMeJtr9dlGHpIHQhS9IGHQDyT0YZpAmAn-NC3eS4JRy5Gp4eSeG6erb77HQjiZdCeNTL-DL6KAJUFY2sXKIvcRnb2PMKLktSc6ffMILVyJxCL2q9J1SBFZccfzLr1iPkVcqvMP4IhGAnh0-a4CVoADoDcRiw5MIr7Y_RaWt5&#038;__tn__=*NK-y-R\">#expansi\u00f3ndeconciencia<\/a><a href=\"https:\/\/web.facebook.com\/hashtag\/kambochile?__eep__=6&#038;__cft__[0]=AZUmGK_1fMcM7hW1hx-_U8EzNN4o03wSes3vCT7rwRgcrUQyuMeJtr9dlGHpIHQhS9IGHQDyT0YZpAmAn-NC3eS4JRy5Gp4eSeG6erb77HQjiZdCeNTL-DL6KAJUFY2sXKIvcRnb2PMKLktSc6ffMILVyJxCL2q9J1SBFZccfzLr1iPkVcqvMP4IhGAnh0-a4CVoADoDcRiw5MIr7Y_RaWt5&#038;__tn__=*NK-y-R\">#Kambochile<\/a><a href=\"https:\/\/web.facebook.com\/hashtag\/ayahuascachile?__eep__=6&#038;__cft__[0]=AZUmGK_1fMcM7hW1hx-_U8EzNN4o03wSes3vCT7rwRgcrUQyuMeJtr9dlGHpIHQhS9IGHQDyT0YZpAmAn-NC3eS4JRy5Gp4eSeG6erb77HQjiZdCeNTL-DL6KAJUFY2sXKIvcRnb2PMKLktSc6ffMILVyJxCL2q9J1SBFZccfzLr1iPkVcqvMP4IhGAnh0-a4CVoADoDcRiw5MIr7Y_RaWt5&#038;__tn__=*NK-y-R\">#ayahuascachile<\/a><a href=\"https:\/\/web.facebook.com\/hashtag\/retirosayahuasca?__eep__=6&#038;__cft__[0]=AZUmGK_1fMcM7hW1hx-_U8EzNN4o03wSes3vCT7rwRgcrUQyuMeJtr9dlGHpIHQhS9IGHQDyT0YZpAmAn-NC3eS4JRy5Gp4eSeG6erb77HQjiZdCeNTL-DL6KAJUFY2sXKIvcRnb2PMKLktSc6ffMILVyJxCL2q9J1SBFZccfzLr1iPkVcqvMP4IhGAnh0-a4CVoADoDcRiw5MIr7Y_RaWt5&#038;__tn__=*NK-y-R\">#retirosayahuasca<\/a><\/p>\n","protected":false},"excerpt":{"rendered":"<p>ES HORA DE DESPERTAR! Bienvenidos todos al Retiro de Evoluci\u00f3n Interior y Expansi\u00f3n de Consciencia con terapias ancestrales. Un espacio sagrado dise\u00f1ado para acompa\u00f1ar tu viaje hacia una mayor comprensi\u00f3n de ti mismo y de la vasta dimensi\u00f3n de tu propia consciencia. Durante este retiro transformador, te embarcar\u00e1s en un viaje introspectivo que te permitir\u00e1&#8230;<\/p>\n","protected":false},"author":1,"featured_media":4473,"comment_status":"open","ping_status":"open","sticky":false,"template":"","format":"standard","meta":{"_acf_changed":false,"_joinchat":{"telephone":"+56979876342"},"footnotes":""},"categories":[17,5],"tags":[],"class_list":["post-4466","post","type-post","status-publish","format-standard","has-post-thumbnail","hentry","category-reflexion","category-investigacion"],"acf":[],"yoast_head":"<!-- This site is optimized with the Yoast SEO plugin v26.5 - https:\/\/yoast.com\/wordpress\/plugins\/seo\/ -->\n<title>RETIROS DE EVOLUCION INTERIOR Y EXPANSION DE CONSCIENCIA.<\/title>\n<meta name=\"description\" content=\"RETIROS DE EVOLUCION INTERIOR. Expansi\u00f2n de consciencia con terapias ancestrales. Viaje introspectivo que te permitir\u00e1 explorar las profundidades de tu ser.\" \/>\n<meta name=\"robots\" content=\"index, follow, max-snippet:-1, max-image-preview:large, max-video-preview:-1\" \/>\n<link rel=\"canonical\" href=\"https:\/\/organizacionentheos.com\/en\/retiros-de-evolucion-interior\/\" \/>\n<meta property=\"og:locale\" content=\"en_US\" \/>\n<meta property=\"og:locale:alternate\" content=\"es_ES\" \/>\n<meta property=\"og:type\" content=\"article\" \/>\n<meta property=\"og:title\" content=\"RETIROS DE EVOLUCION INTERIOR Y EXPANSION DE CONSCIENCIA.\" \/>\n<meta property=\"og:description\" content=\"RETIROS DE EVOLUCION INTERIOR. Expansi\u00f2n de consciencia con terapias ancestrales. Viaje introspectivo que te permitir\u00e1 explorar las profundidades de tu ser.\" \/>\n<meta property=\"og:url\" content=\"https:\/\/organizacionentheos.com\/en\/retiros-de-evolucion-interior\/\" \/>\n<meta property=\"og:site_name\" content=\"Organizaci\u00f3n Entheos\" \/>\n<meta property=\"article:publisher\" content=\"https:\/\/www.facebook.com\/organizacionentheos\/\" \/>\n<meta property=\"article:published_time\" content=\"2023-06-28T02:18:05+00:00\" \/>\n<meta property=\"article:modified_time\" content=\"2023-06-28T03:33:32+00:00\" \/>\n<meta property=\"og:image\" content=\"https:\/\/organizacionentheos.com\/wp-content\/uploads\/2023\/06\/WhatsApp-Image-2023-06-27-at-21.46.31-e1687917972977.jpeg\" \/>\n\t<meta property=\"og:image:width\" content=\"250\" \/>\n\t<meta property=\"og:image:height\" content=\"250\" \/>\n\t<meta property=\"og:image:type\" content=\"image\/jpeg\" \/>\n<meta name=\"author\" content=\"entheos\" \/>\n<meta name=\"twitter:card\" content=\"summary_large_image\" \/>\n<meta name=\"twitter:label1\" content=\"Written by\" \/>\n\t<meta name=\"twitter:data1\" content=\"entheos\" \/>\n\t<meta name=\"twitter:label2\" content=\"Est. reading time\" \/>\n\t<meta name=\"twitter:data2\" content=\"2 minutes\" \/>\n<script type=\"application\/ld+json\" class=\"yoast-schema-graph\">{\"@context\":\"https:\/\/schema.org\",\"@graph\":[{\"@type\":\"Article\",\"@id\":\"https:\/\/organizacionentheos.com\/retiros-de-evolucion-interior\/#article\",\"isPartOf\":{\"@id\":\"https:\/\/organizacionentheos.com\/retiros-de-evolucion-interior\/\"},\"author\":{\"name\":\"entheos\",\"@id\":\"https:\/\/organizacionentheos.com\/#\/schema\/person\/2eb0f753b0184ead4e7bf62aa925ccef\"},\"headline\":\"RETIROS DE EVOLUCION INTERIOR Y EXPANSION DE CONSCIENCIA.\",\"datePublished\":\"2023-06-28T02:18:05+00:00\",\"dateModified\":\"2023-06-28T03:33:32+00:00\",\"mainEntityOfPage\":{\"@id\":\"https:\/\/organizacionentheos.com\/retiros-de-evolucion-interior\/\"},\"wordCount\":479,\"commentCount\":0,\"publisher\":{\"@id\":\"https:\/\/organizacionentheos.com\/#organization\"},\"image\":{\"@id\":\"https:\/\/organizacionentheos.com\/retiros-de-evolucion-interior\/#primaryimage\"},\"thumbnailUrl\":\"https:\/\/organizacionentheos.com\/wp-content\/uploads\/2023\/06\/WhatsApp-Image-2023-06-27-at-21.46.31-e1687917972977.jpeg\",\"articleSection\":[\"Reflexi\u00f3n\",\"Investigaci\u00f3n\"],\"inLanguage\":\"en-US\",\"potentialAction\":[{\"@type\":\"CommentAction\",\"name\":\"Comment\",\"target\":[\"https:\/\/organizacionentheos.com\/retiros-de-evolucion-interior\/#respond\"]}]},{\"@type\":\"WebPage\",\"@id\":\"https:\/\/organizacionentheos.com\/retiros-de-evolucion-interior\/\",\"url\":\"https:\/\/organizacionentheos.com\/retiros-de-evolucion-interior\/\",\"name\":\"RETIROS DE EVOLUCION INTERIOR Y EXPANSION DE CONSCIENCIA.\",\"isPartOf\":{\"@id\":\"https:\/\/organizacionentheos.com\/#website\"},\"primaryImageOfPage\":{\"@id\":\"https:\/\/organizacionentheos.com\/retiros-de-evolucion-interior\/#primaryimage\"},\"image\":{\"@id\":\"https:\/\/organizacionentheos.com\/retiros-de-evolucion-interior\/#primaryimage\"},\"thumbnailUrl\":\"https:\/\/organizacionentheos.com\/wp-content\/uploads\/2023\/06\/WhatsApp-Image-2023-06-27-at-21.46.31-e1687917972977.jpeg\",\"datePublished\":\"2023-06-28T02:18:05+00:00\",\"dateModified\":\"2023-06-28T03:33:32+00:00\",\"description\":\"RETIROS DE EVOLUCION INTERIOR. Expansi\u00f2n de consciencia con terapias ancestrales. Viaje introspectivo que te permitir\u00e1 explorar las profundidades de tu ser.\",\"breadcrumb\":{\"@id\":\"https:\/\/organizacionentheos.com\/retiros-de-evolucion-interior\/#breadcrumb\"},\"inLanguage\":\"en-US\",\"potentialAction\":[{\"@type\":\"ReadAction\",\"target\":[\"https:\/\/organizacionentheos.com\/retiros-de-evolucion-interior\/\"]}]},{\"@type\":\"ImageObject\",\"inLanguage\":\"en-US\",\"@id\":\"https:\/\/organizacionentheos.com\/retiros-de-evolucion-interior\/#primaryimage\",\"url\":\"https:\/\/organizacionentheos.com\/wp-content\/uploads\/2023\/06\/WhatsApp-Image-2023-06-27-at-21.46.31-e1687917972977.jpeg\",\"contentUrl\":\"https:\/\/organizacionentheos.com\/wp-content\/uploads\/2023\/06\/WhatsApp-Image-2023-06-27-at-21.46.31-e1687917972977.jpeg\",\"width\":250,\"height\":250},{\"@type\":\"BreadcrumbList\",\"@id\":\"https:\/\/organizacionentheos.com\/retiros-de-evolucion-interior\/#breadcrumb\",\"itemListElement\":[{\"@type\":\"ListItem\",\"position\":1,\"name\":\"Portada\",\"item\":\"https:\/\/organizacionentheos.com\/\"},{\"@type\":\"ListItem\",\"position\":2,\"name\":\"RETIROS DE EVOLUCION INTERIOR Y EXPANSION DE CONSCIENCIA.\"}]},{\"@type\":\"WebSite\",\"@id\":\"https:\/\/organizacionentheos.com\/#website\",\"url\":\"https:\/\/organizacionentheos.com\/\",\"name\":\"Organizaci\u00f3n Entheos\",\"description\":\"Hecho con amor para grandes personas\",\"publisher\":{\"@id\":\"https:\/\/organizacionentheos.com\/#organization\"},\"potentialAction\":[{\"@type\":\"SearchAction\",\"target\":{\"@type\":\"EntryPoint\",\"urlTemplate\":\"https:\/\/organizacionentheos.com\/?s={search_term_string}\"},\"query-input\":{\"@type\":\"PropertyValueSpecification\",\"valueRequired\":true,\"valueName\":\"search_term_string\"}}],\"inLanguage\":\"en-US\"},{\"@type\":\"Organization\",\"@id\":\"https:\/\/organizacionentheos.com\/#organization\",\"name\":\"Organizaci\u00f3n Entheos\",\"url\":\"https:\/\/organizacionentheos.com\/\",\"logo\":{\"@type\":\"ImageObject\",\"inLanguage\":\"en-US\",\"@id\":\"https:\/\/organizacionentheos.com\/#\/schema\/logo\/image\/\",\"url\":\"https:\/\/organizacionentheos.com\/wp-content\/uploads\/2025\/11\/entheoslogo2025.jpg\",\"contentUrl\":\"https:\/\/organizacionentheos.com\/wp-content\/uploads\/2025\/11\/entheoslogo2025.jpg\",\"width\":1600,\"height\":901,\"caption\":\"Organizaci\u00f3n Entheos\"},\"image\":{\"@id\":\"https:\/\/organizacionentheos.com\/#\/schema\/logo\/image\/\"},\"sameAs\":[\"https:\/\/www.facebook.com\/organizacionentheos\/\",\"https:\/\/www.instagram.com\/entheos_org\",\"https:\/\/www.tiktok.com\/entheos_org\"]},{\"@type\":\"Person\",\"@id\":\"https:\/\/organizacionentheos.com\/#\/schema\/person\/2eb0f753b0184ead4e7bf62aa925ccef\",\"name\":\"entheos\",\"image\":{\"@type\":\"ImageObject\",\"inLanguage\":\"en-US\",\"@id\":\"https:\/\/organizacionentheos.com\/#\/schema\/person\/image\/\",\"url\":\"https:\/\/secure.gravatar.com\/avatar\/c343bb4bda6c29248b3b0421bb53ba8bdffea1103b9cd2d9d97cc5a907f71700?s=96&d=mm&r=g\",\"contentUrl\":\"https:\/\/secure.gravatar.com\/avatar\/c343bb4bda6c29248b3b0421bb53ba8bdffea1103b9cd2d9d97cc5a907f71700?s=96&d=mm&r=g\",\"caption\":\"entheos\"},\"url\":\"https:\/\/organizacionentheos.com\/en\/author\/entheos\/\"}]}<\/script>\n<!-- \/ Yoast SEO plugin. -->","yoast_head_json":{"title":"RETIROS DE EVOLUCION INTERIOR Y EXPANSION DE CONSCIENCIA.","description":"RETIROS DE EVOLUCION INTERIOR. Expansi\u00f2n de consciencia con terapias ancestrales. Viaje introspectivo que te permitir\u00e1 explorar las profundidades de tu ser.","robots":{"index":"index","follow":"follow","max-snippet":"max-snippet:-1","max-image-preview":"max-image-preview:large","max-video-preview":"max-video-preview:-1"},"canonical":"https:\/\/organizacionentheos.com\/en\/retiros-de-evolucion-interior\/","og_locale":"en_US","og_type":"article","og_title":"[:es]RETIROS DE EVOLUCION INTERIOR Y EXPANSION DE CONSCIENCIA.[:] - Organizaci\u00f3n Entheos","og_description":"RETIROS DE EVOLUCION INTERIOR. Expansi\u00f2n de consciencia con terapias ancestrales. Viaje introspectivo que te permitir\u00e1 explorar las profundidades de tu ser.","og_url":"https:\/\/organizacionentheos.com\/en\/retiros-de-evolucion-interior\/","og_site_name":"Organizaci\u00f3n Entheos","article_publisher":"https:\/\/www.facebook.com\/organizacionentheos\/","article_published_time":"2023-06-28T02:18:05+00:00","article_modified_time":"2023-06-28T03:33:32+00:00","og_image":[{"width":250,"height":250,"url":"https:\/\/organizacionentheos.com\/wp-content\/uploads\/2023\/06\/WhatsApp-Image-2023-06-27-at-21.46.31-e1687917972977.jpeg","type":"image\/jpeg"}],"author":"entheos","twitter_card":"summary_large_image","twitter_misc":{"Written by":"entheos","Est. reading time":"2 minutes"},"schema":{"@context":"https:\/\/schema.org","@graph":[{"@type":"Article","@id":"https:\/\/organizacionentheos.com\/retiros-de-evolucion-interior\/#article","isPartOf":{"@id":"https:\/\/organizacionentheos.com\/retiros-de-evolucion-interior\/"},"author":{"name":"entheos","@id":"https:\/\/organizacionentheos.com\/#\/schema\/person\/2eb0f753b0184ead4e7bf62aa925ccef"},"headline":"RETIROS DE EVOLUCION INTERIOR Y EXPANSION DE CONSCIENCIA.","datePublished":"2023-06-28T02:18:05+00:00","dateModified":"2023-06-28T03:33:32+00:00","mainEntityOfPage":{"@id":"https:\/\/organizacionentheos.com\/retiros-de-evolucion-interior\/"},"wordCount":479,"commentCount":0,"publisher":{"@id":"https:\/\/organizacionentheos.com\/#organization"},"image":{"@id":"https:\/\/organizacionentheos.com\/retiros-de-evolucion-interior\/#primaryimage"},"thumbnailUrl":"https:\/\/organizacionentheos.com\/wp-content\/uploads\/2023\/06\/WhatsApp-Image-2023-06-27-at-21.46.31-e1687917972977.jpeg","articleSection":["Reflexi\u00f3n","Investigaci\u00f3n"],"inLanguage":"en-US","potentialAction":[{"@type":"CommentAction","name":"Comment","target":["https:\/\/organizacionentheos.com\/retiros-de-evolucion-interior\/#respond"]}]},{"@type":"WebPage","@id":"https:\/\/organizacionentheos.com\/retiros-de-evolucion-interior\/","url":"https:\/\/organizacionentheos.com\/retiros-de-evolucion-interior\/","name":"RETIROS DE EVOLUCION INTERIOR Y EXPANSION DE CONSCIENCIA.","isPartOf":{"@id":"https:\/\/organizacionentheos.com\/#website"},"primaryImageOfPage":{"@id":"https:\/\/organizacionentheos.com\/retiros-de-evolucion-interior\/#primaryimage"},"image":{"@id":"https:\/\/organizacionentheos.com\/retiros-de-evolucion-interior\/#primaryimage"},"thumbnailUrl":"https:\/\/organizacionentheos.com\/wp-content\/uploads\/2023\/06\/WhatsApp-Image-2023-06-27-at-21.46.31-e1687917972977.jpeg","datePublished":"2023-06-28T02:18:05+00:00","dateModified":"2023-06-28T03:33:32+00:00","description":"RETIROS DE EVOLUCION INTERIOR. Expansi\u00f2n de consciencia con terapias ancestrales. Viaje introspectivo que te permitir\u00e1 explorar las profundidades de tu ser.","breadcrumb":{"@id":"https:\/\/organizacionentheos.com\/retiros-de-evolucion-interior\/#breadcrumb"},"inLanguage":"en-US","potentialAction":[{"@type":"ReadAction","target":["https:\/\/organizacionentheos.com\/retiros-de-evolucion-interior\/"]}]},{"@type":"ImageObject","inLanguage":"en-US","@id":"https:\/\/organizacionentheos.com\/retiros-de-evolucion-interior\/#primaryimage","url":"https:\/\/organizacionentheos.com\/wp-content\/uploads\/2023\/06\/WhatsApp-Image-2023-06-27-at-21.46.31-e1687917972977.jpeg","contentUrl":"https:\/\/organizacionentheos.com\/wp-content\/uploads\/2023\/06\/WhatsApp-Image-2023-06-27-at-21.46.31-e1687917972977.jpeg","width":250,"height":250},{"@type":"BreadcrumbList","@id":"https:\/\/organizacionentheos.com\/retiros-de-evolucion-interior\/#breadcrumb","itemListElement":[{"@type":"ListItem","position":1,"name":"Portada","item":"https:\/\/organizacionentheos.com\/"},{"@type":"ListItem","position":2,"name":"RETIROS DE EVOLUCION INTERIOR Y EXPANSION DE CONSCIENCIA."}]},{"@type":"WebSite","@id":"https:\/\/organizacionentheos.com\/#website","url":"https:\/\/organizacionentheos.com\/","name":"Organizaci\u00f3n Entheos","description":"Hecho con amor para grandes personas","publisher":{"@id":"https:\/\/organizacionentheos.com\/#organization"},"potentialAction":[{"@type":"SearchAction","target":{"@type":"EntryPoint","urlTemplate":"https:\/\/organizacionentheos.com\/?s={search_term_string}"},"query-input":{"@type":"PropertyValueSpecification","valueRequired":true,"valueName":"search_term_string"}}],"inLanguage":"en-US"},{"@type":"Organization","@id":"https:\/\/organizacionentheos.com\/#organization","name":"Organizaci\u00f3n Entheos","url":"https:\/\/organizacionentheos.com\/","logo":{"@type":"ImageObject","inLanguage":"en-US","@id":"https:\/\/organizacionentheos.com\/#\/schema\/logo\/image\/","url":"https:\/\/organizacionentheos.com\/wp-content\/uploads\/2025\/11\/entheoslogo2025.jpg","contentUrl":"https:\/\/organizacionentheos.com\/wp-content\/uploads\/2025\/11\/entheoslogo2025.jpg","width":1600,"height":901,"caption":"Organizaci\u00f3n Entheos"},"image":{"@id":"https:\/\/organizacionentheos.com\/#\/schema\/logo\/image\/"},"sameAs":["https:\/\/www.facebook.com\/organizacionentheos\/","https:\/\/www.instagram.com\/entheos_org","https:\/\/www.tiktok.com\/entheos_org"]},{"@type":"Person","@id":"https:\/\/organizacionentheos.com\/#\/schema\/person\/2eb0f753b0184ead4e7bf62aa925ccef","name":"entheos","image":{"@type":"ImageObject","inLanguage":"en-US","@id":"https:\/\/organizacionentheos.com\/#\/schema\/person\/image\/","url":"https:\/\/secure.gravatar.com\/avatar\/c343bb4bda6c29248b3b0421bb53ba8bdffea1103b9cd2d9d97cc5a907f71700?s=96&d=mm&r=g","contentUrl":"https:\/\/secure.gravatar.com\/avatar\/c343bb4bda6c29248b3b0421bb53ba8bdffea1103b9cd2d9d97cc5a907f71700?s=96&d=mm&r=g","caption":"entheos"},"url":"https:\/\/organizacionentheos.com\/en\/author\/entheos\/"}]}},"_links":{"self":[{"href":"https:\/\/organizacionentheos.com\/en\/wp-json\/wp\/v2\/posts\/4466","targetHints":{"allow":["GET"]}}],"collection":[{"href":"https:\/\/organizacionentheos.com\/en\/wp-json\/wp\/v2\/posts"}],"about":[{"href":"https:\/\/organizacionentheos.com\/en\/wp-json\/wp\/v2\/types\/post"}],"author":[{"embeddable":true,"href":"https:\/\/organizacionentheos.com\/en\/wp-json\/wp\/v2\/users\/1"}],"replies":[{"embeddable":true,"href":"https:\/\/organizacionentheos.com\/en\/wp-json\/wp\/v2\/comments?post=4466"}],"version-history":[{"count":6,"href":"https:\/\/organizacionentheos.com\/en\/wp-json\/wp\/v2\/posts\/4466\/revisions"}],"predecessor-version":[{"id":4477,"href":"https:\/\/organizacionentheos.com\/en\/wp-json\/wp\/v2\/posts\/4466\/revisions\/4477"}],"wp:featuredmedia":[{"embeddable":true,"href":"https:\/\/organizacionentheos.com\/en\/wp-json\/wp\/v2\/media\/4473"}],"wp:attachment":[{"href":"https:\/\/organizacionentheos.com\/en\/wp-json\/wp\/v2\/media?parent=4466"}],"wp:term":[{"taxonomy":"category","embeddable":true,"href":"https:\/\/organizacionentheos.com\/en\/wp-json\/wp\/v2\/categories?post=4466"},{"taxonomy":"post_tag","embeddable":true,"href":"https:\/\/organizacionentheos.com\/en\/wp-json\/wp\/v2\/tags?post=4466"}],"curies":[{"name":"wp","href":"https:\/\/api.w.org\/{rel}","templated":true}]}}