{"id":4420,"date":"2023-06-19T22:59:43","date_gmt":"2023-06-19T22:59:43","guid":{"rendered":"https:\/\/www.organizacionentheos.com\/?p=4420"},"modified":"2023-06-19T23:39:24","modified_gmt":"2023-06-19T23:39:24","slug":"observando-el-miedo-al-miedo","status":"publish","type":"post","link":"https:\/\/organizacionentheos.com\/en\/observando-el-miedo-al-miedo\/","title":{"rendered":"Observando el miedo al miedo"},"content":{"rendered":"\n<figure class=\"wp-block-image size-full is-resized\"><img loading=\"lazy\" decoding=\"async\" src=\"https:\/\/www.organizacionentheos.com\/wp-content\/uploads\/2023\/06\/WhatsApp-Image-2023-06-19-at-13.40.31-1.jpeg\" alt=\"\" class=\"wp-image-4421\" width=\"494\" height=\"640\" srcset=\"https:\/\/organizacionentheos.com\/wp-content\/uploads\/2023\/06\/WhatsApp-Image-2023-06-19-at-13.40.31-1.jpeg 987w, https:\/\/organizacionentheos.com\/wp-content\/uploads\/2023\/06\/WhatsApp-Image-2023-06-19-at-13.40.31-1-231x300.jpeg 231w, https:\/\/organizacionentheos.com\/wp-content\/uploads\/2023\/06\/WhatsApp-Image-2023-06-19-at-13.40.31-1-790x1024.jpeg 790w\" sizes=\"auto, (max-width: 494px) 100vw, 494px\" \/><figcaption>&#8220;Observando el Miedo&#8221; &#8211; acr\u00edlico en papel, Sofia Rodr\u00edguez 2004<br>Observando el miedo al miedo<\/figcaption><\/figure>\n\n\n\n<p><strong>El miedo al miedo en un proceso de evoluci\u00f3n interior se refiere a la resistencia que podemos experimentar al enfrentarnos a nuestros propios miedos. Es la aprehensi\u00f3n o temor adicional que surge al pensar en la posibilidad de experimentar el miedo en s\u00ed mismo.<\/strong><\/p>\n\n\n\n<p><strong>Cuando nos embarcamos en un camino de crecimiento personal y evoluci\u00f3n interior, a menudo nos encontramos con situaciones o aspectos de nosotros mismos que generan miedo. Puede ser el miedo a enfrentar nuestras limitaciones, el miedo a lo desconocido, el miedo a cambiar o incluso el miedo a descubrir verdades inc\u00f3modas sobre nosotros mismos. Estos miedos pueden surgir debido a la resistencia natural al cambio y a la incertidumbre que conlleva.<\/strong><\/p>\n\n\n\n<p><strong>El miedo al miedo es una respuesta natural de autoprotecci\u00f3n. Nuestro sistema de supervivencia tiende a evitar el malestar emocional y buscar la comodidad y la estabilidad. Por lo tanto, cuando nos acercamos a los miedos internos, es posible que surja el miedo al miedo como una forma de autopreservaci\u00f3n.<\/strong><\/p>\n\n\n\n<p><strong>Sin embargo, el miedo al miedo tambi\u00e9n puede convertirse en un obst\u00e1culo en nuestro camino de evoluci\u00f3n interior. Si nos dejamos dominar por el miedo al miedo, es posible que evitemos las situaciones o los desaf\u00edos que podr\u00edan impulsar nuestro crecimiento y limitar nuestras experiencias. Nos quedamos atrapados en nuestra zona de confort, renunciando a la oportunidad de transformarnos y expandir nuestro potencial.<\/strong><\/p>\n\n\n\n<p><strong>Superar el miedo al miedo requiere valent\u00eda y compromiso. Implica reconocer que el miedo es una emoci\u00f3n natural y comprender que enfrentar nuestros miedos puede conducir a un crecimiento significativo. Al practicar la aceptaci\u00f3n y el autoconocimiento, podemos aprender a manejar el miedo de manera m\u00e1s saludable y a no permitir que nos paralice.<\/strong><\/p>\n\n\n\n<p><strong>Es importante recordar que el crecimiento personal implica enfrentar y trascender nuestros miedos. Al abrazar el miedo como una oportunidad de aprendizaje y desarrollo, nos liberamos de su poder y descubrimos nuevas dimensiones de nuestra propia fortaleza y resiliencia.<\/strong><\/p>\n\n\n\n<p><strong>En \u00faltima instancia, el miedo al miedo es un desaf\u00edo que forma parte del viaje de evoluci\u00f3n interior. Al enfrentarlo con valent\u00eda y una actitud abierta, nos abrimos a nuevas posibilidades, nos fortalecemos emocionalmente y nos acercamos cada vez m\u00e1s a nuestro verdadero yo.<\/strong><\/p>\n\n\n\n<p> <strong>&#8220;<em>El miedo es la peque\u00f1a muerte que conduce a la destrucci\u00f3n total.\u00a0<\/em><br><em>Afrontar\u00e9 mi miedo.\u00a0<\/em><br><em>Permitir\u00e9 que pase sobre m\u00ed y a trav\u00e9s de m\u00ed.\u00a0<\/em><br><em>Y cuando haya pasado, girar\u00e9 mi ojo interior para escrutar su camino.\u00a0<\/em><br><em>All\u00e1 donde haya pasado el miedo ya no habr\u00e1 nada.\u00a0<\/em><br><em>S\u00f3lo quedar\u00e9 yo.\u201d<\/em> <br><br>-Frank Herbert, La Letan\u00eda contra el miedo, Duna.<\/strong><\/p>\n\n\n\n<p><strong>Informaci\u00f3n y Reservas: whatsap: +56979876342.  <\/strong><br><strong>email: retiros@organizacionentheos.com. <\/strong><br><strong>pagina web: <a rel=\"noreferrer noopener\" href=\"http:\/\/www.organizacionentheos.com\/?fbclid=IwAR0DfplWF9Hw4cMKL1kwUCQF74ax1BbbLc3mw2g3EkmsvDlxeOUi_9lA-iU\" target=\"_blank\">www.organizacionentheos.com<\/a><\/strong><\/p>\n\n\n\n<figure class=\"wp-block-embed-wordpress wp-block-embed is-type-wp-embed is-provider-organizacion-entheos\"><div class=\"wp-block-embed__wrapper\">\n<blockquote class=\"wp-embedded-content\" data-secret=\"2LnL0tgsJa\"><a href=\"https:\/\/www.organizacionentheos.com\/que-es-entheos\/\">\u00bfQU\u00c9 ES ENTHEOS?<\/a><\/blockquote><iframe loading=\"lazy\" class=\"wp-embedded-content\" sandbox=\"allow-scripts\" security=\"restricted\" style=\"position: absolute; clip: rect(1px, 1px, 1px, 1px);\" title=\"&#171;\u00bfQU\u00c9 ES ENTHEOS?&#187; &#8212; Organizaci\u00f3n Entheos\" src=\"https:\/\/www.organizacionentheos.com\/que-es-entheos\/embed\/#?secret=2LnL0tgsJa\" data-secret=\"2LnL0tgsJa\" width=\"600\" height=\"338\" frameborder=\"0\" marginwidth=\"0\" marginheight=\"0\" scrolling=\"no\"><\/iframe>\n<\/div><figcaption>Miedo al miedo<br><\/figcaption><\/figure>\n\n\n\n<figure class=\"wp-block-embed-wordpress wp-block-embed is-type-wp-embed is-provider-ram-dass\"><div class=\"wp-block-embed__wrapper\">\n<blockquote class=\"wp-embedded-content\" data-secret=\"KvbX2gpXRw\"><a href=\"https:\/\/www.ramdass.org\/dealing-fear\/\">Dealing with Fear<\/a><\/blockquote><iframe loading=\"lazy\" class=\"wp-embedded-content\" sandbox=\"allow-scripts\" security=\"restricted\" style=\"position: absolute; clip: rect(1px, 1px, 1px, 1px);\" title=\"&#8220;Dealing with Fear&#8221; &#8212; Ram Dass\" src=\"https:\/\/www.ramdass.org\/dealing-fear\/embed\/#?secret=F5jdgWBMJj#?secret=KvbX2gpXRw\" data-secret=\"KvbX2gpXRw\" width=\"600\" height=\"338\" frameborder=\"0\" marginwidth=\"0\" marginheight=\"0\" scrolling=\"no\"><\/iframe>\n<\/div><figcaption>Miedo al miedo<\/figcaption><\/figure>\n\n\n\n<p><\/p>\n","protected":false},"excerpt":{"rendered":"<p>Explorando la resistencia en el camino de la evoluci\u00f3n interior<\/p>\n","protected":false},"author":1,"featured_media":4421,"comment_status":"open","ping_status":"open","sticky":false,"template":"","format":"standard","meta":{"_acf_changed":false,"_joinchat":{"telephone":"979876342"},"footnotes":""},"categories":[5],"tags":[15,16,8],"class_list":["post-4420","post","type-post","status-publish","format-standard","has-post-thumbnail","hentry","category-investigacion","tag-evolucion-interior","tag-expansion-consciencia","tag-retiros"],"acf":[],"yoast_head":"<!-- This site is optimized with the Yoast SEO plugin v26.5 - https:\/\/yoast.com\/wordpress\/plugins\/seo\/ -->\n<title>Observando el miedo al miedo<\/title>\n<meta name=\"description\" content=\"Observando el miedo al miedo. Supera el miedo al miedo y crece interiormente. Estrategias para enfrentar tus temores y evolucionar personalmente.\" \/>\n<meta name=\"robots\" content=\"index, follow, max-snippet:-1, max-image-preview:large, max-video-preview:-1\" \/>\n<link rel=\"canonical\" href=\"https:\/\/organizacionentheos.com\/en\/observando-el-miedo-al-miedo\/\" \/>\n<meta property=\"og:locale\" content=\"en_US\" \/>\n<meta property=\"og:locale:alternate\" content=\"es_ES\" \/>\n<meta property=\"og:type\" content=\"article\" \/>\n<meta property=\"og:title\" content=\"Observando el miedo al miedo\" \/>\n<meta property=\"og:description\" content=\"Observando el miedo al miedo. Supera el miedo al miedo y crece interiormente. Estrategias para enfrentar tus temores y evolucionar personalmente.\" \/>\n<meta property=\"og:url\" content=\"https:\/\/organizacionentheos.com\/en\/observando-el-miedo-al-miedo\/\" \/>\n<meta property=\"og:site_name\" content=\"Organizaci\u00f3n Entheos\" \/>\n<meta property=\"article:publisher\" content=\"https:\/\/www.facebook.com\/organizacionentheos\/\" \/>\n<meta property=\"article:published_time\" content=\"2023-06-19T22:59:43+00:00\" \/>\n<meta property=\"article:modified_time\" content=\"2023-06-19T23:39:24+00:00\" \/>\n<meta property=\"og:image\" content=\"https:\/\/organizacionentheos.com\/wp-content\/uploads\/2023\/06\/WhatsApp-Image-2023-06-19-at-13.40.31-1.jpeg\" \/>\n\t<meta property=\"og:image:width\" content=\"987\" \/>\n\t<meta property=\"og:image:height\" content=\"1280\" \/>\n\t<meta property=\"og:image:type\" content=\"image\/jpeg\" \/>\n<meta name=\"author\" content=\"entheos\" \/>\n<meta name=\"twitter:card\" content=\"summary_large_image\" \/>\n<meta name=\"twitter:label1\" content=\"Written by\" \/>\n\t<meta name=\"twitter:data1\" content=\"entheos\" \/>\n\t<meta name=\"twitter:label2\" content=\"Est. reading time\" \/>\n\t<meta name=\"twitter:data2\" content=\"2 minutes\" \/>\n<script type=\"application\/ld+json\" class=\"yoast-schema-graph\">{\"@context\":\"https:\/\/schema.org\",\"@graph\":[{\"@type\":\"Article\",\"@id\":\"https:\/\/organizacionentheos.com\/observando-el-miedo-al-miedo\/#article\",\"isPartOf\":{\"@id\":\"https:\/\/organizacionentheos.com\/observando-el-miedo-al-miedo\/\"},\"author\":{\"name\":\"entheos\",\"@id\":\"https:\/\/organizacionentheos.com\/#\/schema\/person\/2eb0f753b0184ead4e7bf62aa925ccef\"},\"headline\":\"Observando el miedo al miedo\",\"datePublished\":\"2023-06-19T22:59:43+00:00\",\"dateModified\":\"2023-06-19T23:39:24+00:00\",\"mainEntityOfPage\":{\"@id\":\"https:\/\/organizacionentheos.com\/observando-el-miedo-al-miedo\/\"},\"wordCount\":500,\"commentCount\":0,\"publisher\":{\"@id\":\"https:\/\/organizacionentheos.com\/#organization\"},\"image\":{\"@id\":\"https:\/\/organizacionentheos.com\/observando-el-miedo-al-miedo\/#primaryimage\"},\"thumbnailUrl\":\"https:\/\/organizacionentheos.com\/wp-content\/uploads\/2023\/06\/WhatsApp-Image-2023-06-19-at-13.40.31-1.jpeg\",\"keywords\":[\"evolucion interior\",\"expansion consciencia\",\"Retiros\"],\"articleSection\":[\"Investigaci\u00f3n\"],\"inLanguage\":\"en-US\",\"potentialAction\":[{\"@type\":\"CommentAction\",\"name\":\"Comment\",\"target\":[\"https:\/\/organizacionentheos.com\/observando-el-miedo-al-miedo\/#respond\"]}]},{\"@type\":\"WebPage\",\"@id\":\"https:\/\/organizacionentheos.com\/observando-el-miedo-al-miedo\/\",\"url\":\"https:\/\/organizacionentheos.com\/observando-el-miedo-al-miedo\/\",\"name\":\"Observando el miedo al miedo\",\"isPartOf\":{\"@id\":\"https:\/\/organizacionentheos.com\/#website\"},\"primaryImageOfPage\":{\"@id\":\"https:\/\/organizacionentheos.com\/observando-el-miedo-al-miedo\/#primaryimage\"},\"image\":{\"@id\":\"https:\/\/organizacionentheos.com\/observando-el-miedo-al-miedo\/#primaryimage\"},\"thumbnailUrl\":\"https:\/\/organizacionentheos.com\/wp-content\/uploads\/2023\/06\/WhatsApp-Image-2023-06-19-at-13.40.31-1.jpeg\",\"datePublished\":\"2023-06-19T22:59:43+00:00\",\"dateModified\":\"2023-06-19T23:39:24+00:00\",\"description\":\"Observando el miedo al miedo. Supera el miedo al miedo y crece interiormente. Estrategias para enfrentar tus temores y evolucionar personalmente.\",\"breadcrumb\":{\"@id\":\"https:\/\/organizacionentheos.com\/observando-el-miedo-al-miedo\/#breadcrumb\"},\"inLanguage\":\"en-US\",\"potentialAction\":[{\"@type\":\"ReadAction\",\"target\":[\"https:\/\/organizacionentheos.com\/observando-el-miedo-al-miedo\/\"]}]},{\"@type\":\"ImageObject\",\"inLanguage\":\"en-US\",\"@id\":\"https:\/\/organizacionentheos.com\/observando-el-miedo-al-miedo\/#primaryimage\",\"url\":\"https:\/\/organizacionentheos.com\/wp-content\/uploads\/2023\/06\/WhatsApp-Image-2023-06-19-at-13.40.31-1.jpeg\",\"contentUrl\":\"https:\/\/organizacionentheos.com\/wp-content\/uploads\/2023\/06\/WhatsApp-Image-2023-06-19-at-13.40.31-1.jpeg\",\"width\":987,\"height\":1280},{\"@type\":\"BreadcrumbList\",\"@id\":\"https:\/\/organizacionentheos.com\/observando-el-miedo-al-miedo\/#breadcrumb\",\"itemListElement\":[{\"@type\":\"ListItem\",\"position\":1,\"name\":\"Portada\",\"item\":\"https:\/\/organizacionentheos.com\/\"},{\"@type\":\"ListItem\",\"position\":2,\"name\":\"Observando el miedo al miedo\"}]},{\"@type\":\"WebSite\",\"@id\":\"https:\/\/organizacionentheos.com\/#website\",\"url\":\"https:\/\/organizacionentheos.com\/\",\"name\":\"Organizaci\u00f3n Entheos\",\"description\":\"Hecho con amor para grandes personas\",\"publisher\":{\"@id\":\"https:\/\/organizacionentheos.com\/#organization\"},\"potentialAction\":[{\"@type\":\"SearchAction\",\"target\":{\"@type\":\"EntryPoint\",\"urlTemplate\":\"https:\/\/organizacionentheos.com\/?s={search_term_string}\"},\"query-input\":{\"@type\":\"PropertyValueSpecification\",\"valueRequired\":true,\"valueName\":\"search_term_string\"}}],\"inLanguage\":\"en-US\"},{\"@type\":\"Organization\",\"@id\":\"https:\/\/organizacionentheos.com\/#organization\",\"name\":\"Organizaci\u00f3n Entheos\",\"url\":\"https:\/\/organizacionentheos.com\/\",\"logo\":{\"@type\":\"ImageObject\",\"inLanguage\":\"en-US\",\"@id\":\"https:\/\/organizacionentheos.com\/#\/schema\/logo\/image\/\",\"url\":\"https:\/\/organizacionentheos.com\/wp-content\/uploads\/2025\/11\/entheoslogo2025.jpg\",\"contentUrl\":\"https:\/\/organizacionentheos.com\/wp-content\/uploads\/2025\/11\/entheoslogo2025.jpg\",\"width\":1600,\"height\":901,\"caption\":\"Organizaci\u00f3n Entheos\"},\"image\":{\"@id\":\"https:\/\/organizacionentheos.com\/#\/schema\/logo\/image\/\"},\"sameAs\":[\"https:\/\/www.facebook.com\/organizacionentheos\/\",\"https:\/\/www.instagram.com\/entheos_org\",\"https:\/\/www.tiktok.com\/entheos_org\"]},{\"@type\":\"Person\",\"@id\":\"https:\/\/organizacionentheos.com\/#\/schema\/person\/2eb0f753b0184ead4e7bf62aa925ccef\",\"name\":\"entheos\",\"image\":{\"@type\":\"ImageObject\",\"inLanguage\":\"en-US\",\"@id\":\"https:\/\/organizacionentheos.com\/#\/schema\/person\/image\/\",\"url\":\"https:\/\/secure.gravatar.com\/avatar\/c343bb4bda6c29248b3b0421bb53ba8bdffea1103b9cd2d9d97cc5a907f71700?s=96&d=mm&r=g\",\"contentUrl\":\"https:\/\/secure.gravatar.com\/avatar\/c343bb4bda6c29248b3b0421bb53ba8bdffea1103b9cd2d9d97cc5a907f71700?s=96&d=mm&r=g\",\"caption\":\"entheos\"},\"url\":\"https:\/\/organizacionentheos.com\/en\/author\/entheos\/\"}]}<\/script>\n<!-- \/ Yoast SEO plugin. -->","yoast_head_json":{"title":"Observando el miedo al miedo","description":"Observando el miedo al miedo. Supera el miedo al miedo y crece interiormente. Estrategias para enfrentar tus temores y evolucionar personalmente.","robots":{"index":"index","follow":"follow","max-snippet":"max-snippet:-1","max-image-preview":"max-image-preview:large","max-video-preview":"max-video-preview:-1"},"canonical":"https:\/\/organizacionentheos.com\/en\/observando-el-miedo-al-miedo\/","og_locale":"en_US","og_type":"article","og_title":"[:es]Observando el miedo al miedo[:] - Organizaci\u00f3n Entheos","og_description":"Observando el miedo al miedo. Supera el miedo al miedo y crece interiormente. Estrategias para enfrentar tus temores y evolucionar personalmente.","og_url":"https:\/\/organizacionentheos.com\/en\/observando-el-miedo-al-miedo\/","og_site_name":"Organizaci\u00f3n Entheos","article_publisher":"https:\/\/www.facebook.com\/organizacionentheos\/","article_published_time":"2023-06-19T22:59:43+00:00","article_modified_time":"2023-06-19T23:39:24+00:00","og_image":[{"width":987,"height":1280,"url":"https:\/\/organizacionentheos.com\/wp-content\/uploads\/2023\/06\/WhatsApp-Image-2023-06-19-at-13.40.31-1.jpeg","type":"image\/jpeg"}],"author":"entheos","twitter_card":"summary_large_image","twitter_misc":{"Written by":"entheos","Est. reading time":"2 minutes"},"schema":{"@context":"https:\/\/schema.org","@graph":[{"@type":"Article","@id":"https:\/\/organizacionentheos.com\/observando-el-miedo-al-miedo\/#article","isPartOf":{"@id":"https:\/\/organizacionentheos.com\/observando-el-miedo-al-miedo\/"},"author":{"name":"entheos","@id":"https:\/\/organizacionentheos.com\/#\/schema\/person\/2eb0f753b0184ead4e7bf62aa925ccef"},"headline":"Observando el miedo al miedo","datePublished":"2023-06-19T22:59:43+00:00","dateModified":"2023-06-19T23:39:24+00:00","mainEntityOfPage":{"@id":"https:\/\/organizacionentheos.com\/observando-el-miedo-al-miedo\/"},"wordCount":500,"commentCount":0,"publisher":{"@id":"https:\/\/organizacionentheos.com\/#organization"},"image":{"@id":"https:\/\/organizacionentheos.com\/observando-el-miedo-al-miedo\/#primaryimage"},"thumbnailUrl":"https:\/\/organizacionentheos.com\/wp-content\/uploads\/2023\/06\/WhatsApp-Image-2023-06-19-at-13.40.31-1.jpeg","keywords":["evolucion interior","expansion consciencia","Retiros"],"articleSection":["Investigaci\u00f3n"],"inLanguage":"en-US","potentialAction":[{"@type":"CommentAction","name":"Comment","target":["https:\/\/organizacionentheos.com\/observando-el-miedo-al-miedo\/#respond"]}]},{"@type":"WebPage","@id":"https:\/\/organizacionentheos.com\/observando-el-miedo-al-miedo\/","url":"https:\/\/organizacionentheos.com\/observando-el-miedo-al-miedo\/","name":"Observando el miedo al miedo","isPartOf":{"@id":"https:\/\/organizacionentheos.com\/#website"},"primaryImageOfPage":{"@id":"https:\/\/organizacionentheos.com\/observando-el-miedo-al-miedo\/#primaryimage"},"image":{"@id":"https:\/\/organizacionentheos.com\/observando-el-miedo-al-miedo\/#primaryimage"},"thumbnailUrl":"https:\/\/organizacionentheos.com\/wp-content\/uploads\/2023\/06\/WhatsApp-Image-2023-06-19-at-13.40.31-1.jpeg","datePublished":"2023-06-19T22:59:43+00:00","dateModified":"2023-06-19T23:39:24+00:00","description":"Observando el miedo al miedo. Supera el miedo al miedo y crece interiormente. Estrategias para enfrentar tus temores y evolucionar personalmente.","breadcrumb":{"@id":"https:\/\/organizacionentheos.com\/observando-el-miedo-al-miedo\/#breadcrumb"},"inLanguage":"en-US","potentialAction":[{"@type":"ReadAction","target":["https:\/\/organizacionentheos.com\/observando-el-miedo-al-miedo\/"]}]},{"@type":"ImageObject","inLanguage":"en-US","@id":"https:\/\/organizacionentheos.com\/observando-el-miedo-al-miedo\/#primaryimage","url":"https:\/\/organizacionentheos.com\/wp-content\/uploads\/2023\/06\/WhatsApp-Image-2023-06-19-at-13.40.31-1.jpeg","contentUrl":"https:\/\/organizacionentheos.com\/wp-content\/uploads\/2023\/06\/WhatsApp-Image-2023-06-19-at-13.40.31-1.jpeg","width":987,"height":1280},{"@type":"BreadcrumbList","@id":"https:\/\/organizacionentheos.com\/observando-el-miedo-al-miedo\/#breadcrumb","itemListElement":[{"@type":"ListItem","position":1,"name":"Portada","item":"https:\/\/organizacionentheos.com\/"},{"@type":"ListItem","position":2,"name":"Observando el miedo al miedo"}]},{"@type":"WebSite","@id":"https:\/\/organizacionentheos.com\/#website","url":"https:\/\/organizacionentheos.com\/","name":"Organizaci\u00f3n Entheos","description":"Hecho con amor para grandes personas","publisher":{"@id":"https:\/\/organizacionentheos.com\/#organization"},"potentialAction":[{"@type":"SearchAction","target":{"@type":"EntryPoint","urlTemplate":"https:\/\/organizacionentheos.com\/?s={search_term_string}"},"query-input":{"@type":"PropertyValueSpecification","valueRequired":true,"valueName":"search_term_string"}}],"inLanguage":"en-US"},{"@type":"Organization","@id":"https:\/\/organizacionentheos.com\/#organization","name":"Organizaci\u00f3n Entheos","url":"https:\/\/organizacionentheos.com\/","logo":{"@type":"ImageObject","inLanguage":"en-US","@id":"https:\/\/organizacionentheos.com\/#\/schema\/logo\/image\/","url":"https:\/\/organizacionentheos.com\/wp-content\/uploads\/2025\/11\/entheoslogo2025.jpg","contentUrl":"https:\/\/organizacionentheos.com\/wp-content\/uploads\/2025\/11\/entheoslogo2025.jpg","width":1600,"height":901,"caption":"Organizaci\u00f3n Entheos"},"image":{"@id":"https:\/\/organizacionentheos.com\/#\/schema\/logo\/image\/"},"sameAs":["https:\/\/www.facebook.com\/organizacionentheos\/","https:\/\/www.instagram.com\/entheos_org","https:\/\/www.tiktok.com\/entheos_org"]},{"@type":"Person","@id":"https:\/\/organizacionentheos.com\/#\/schema\/person\/2eb0f753b0184ead4e7bf62aa925ccef","name":"entheos","image":{"@type":"ImageObject","inLanguage":"en-US","@id":"https:\/\/organizacionentheos.com\/#\/schema\/person\/image\/","url":"https:\/\/secure.gravatar.com\/avatar\/c343bb4bda6c29248b3b0421bb53ba8bdffea1103b9cd2d9d97cc5a907f71700?s=96&d=mm&r=g","contentUrl":"https:\/\/secure.gravatar.com\/avatar\/c343bb4bda6c29248b3b0421bb53ba8bdffea1103b9cd2d9d97cc5a907f71700?s=96&d=mm&r=g","caption":"entheos"},"url":"https:\/\/organizacionentheos.com\/en\/author\/entheos\/"}]}},"_links":{"self":[{"href":"https:\/\/organizacionentheos.com\/en\/wp-json\/wp\/v2\/posts\/4420","targetHints":{"allow":["GET"]}}],"collection":[{"href":"https:\/\/organizacionentheos.com\/en\/wp-json\/wp\/v2\/posts"}],"about":[{"href":"https:\/\/organizacionentheos.com\/en\/wp-json\/wp\/v2\/types\/post"}],"author":[{"embeddable":true,"href":"https:\/\/organizacionentheos.com\/en\/wp-json\/wp\/v2\/users\/1"}],"replies":[{"embeddable":true,"href":"https:\/\/organizacionentheos.com\/en\/wp-json\/wp\/v2\/comments?post=4420"}],"version-history":[{"count":25,"href":"https:\/\/organizacionentheos.com\/en\/wp-json\/wp\/v2\/posts\/4420\/revisions"}],"predecessor-version":[{"id":4465,"href":"https:\/\/organizacionentheos.com\/en\/wp-json\/wp\/v2\/posts\/4420\/revisions\/4465"}],"wp:featuredmedia":[{"embeddable":true,"href":"https:\/\/organizacionentheos.com\/en\/wp-json\/wp\/v2\/media\/4421"}],"wp:attachment":[{"href":"https:\/\/organizacionentheos.com\/en\/wp-json\/wp\/v2\/media?parent=4420"}],"wp:term":[{"taxonomy":"category","embeddable":true,"href":"https:\/\/organizacionentheos.com\/en\/wp-json\/wp\/v2\/categories?post=4420"},{"taxonomy":"post_tag","embeddable":true,"href":"https:\/\/organizacionentheos.com\/en\/wp-json\/wp\/v2\/tags?post=4420"}],"curies":[{"name":"wp","href":"https:\/\/api.w.org\/{rel}","templated":true}]}}